{"id":33771,"date":"2026-04-19T13:32:36","date_gmt":"2026-04-19T13:32:36","guid":{"rendered":"https:\/\/vanleeuwenlawfirm.eu\/fr\/?p=33771"},"modified":"2026-04-23T23:31:05","modified_gmt":"2026-04-23T23:31:05","slug":"approche-a-lechelle-de-la-communaute","status":"publish","type":"post","link":"https:\/\/vanleeuwenlawfirm.eu\/fr\/expertises\/ifcrm\/approches-integrees\/organisation-et-societe\/approche-a-lechelle-de-la-communaute\/","title":{"rendered":"Approche \u00e0 l\u2019\u00e9chelle de la communaut\u00e9"},"content":{"rendered":"\t\t<div data-elementor-type=\"wp-post\" data-elementor-id=\"33771\" class=\"elementor elementor-33771\">\n\t\t\t\t\t\t<section class=\"elementor-section elementor-top-section elementor-element elementor-element-2544b247 elementor-section-boxed elementor-section-height-default elementor-section-height-default\" data-id=\"2544b247\" data-element_type=\"section\" data-e-type=\"section\">\n\t\t\t\t\t\t<div class=\"elementor-container elementor-column-gap-default\">\n\t\t\t\t\t<div class=\"elementor-column elementor-col-100 elementor-top-column elementor-element elementor-element-53d78fef\" data-id=\"53d78fef\" data-element_type=\"column\" data-e-type=\"column\">\n\t\t\t<div class=\"elementor-widget-wrap elementor-element-populated\">\n\t\t\t\t\t\t<div class=\"elementor-element elementor-element-14c2d4c1 elementor-widget elementor-widget-text-editor\" data-id=\"14c2d4c1\" data-element_type=\"widget\" data-e-type=\"widget\" data-widget_type=\"text-editor.default\">\n\t\t\t\t<div class=\"elementor-widget-container\">\n\t\t\t\t\t\t\t\t\t<p data-start=\"44\" data-end=\"2125\">La gestion int\u00e9gr\u00e9e des risques de criminalit\u00e9 financi\u00e8re selon une approche \u00e0 l\u2019\u00e9chelle de la communaut\u00e9 suppose une r\u00e9organisation fondamentalement diff\u00e9rente de la r\u00e9flexion sur l\u2019int\u00e9grit\u00e9 \u00e9conomico-financi\u00e8re par rapport aux mod\u00e8les dans lesquels le risque est exclusivement situ\u00e9 dans les transactions, les relations avec la client\u00e8le, les entit\u00e9s juridiques, les m\u00e9canismes de sanctions ou les obligations formelles des institutions. Une telle approche part du constat que la criminalit\u00e9 \u00e9conomico-financi\u00e8re se d\u00e9veloppe rarement, dans la pratique, comme un ph\u00e9nom\u00e8ne purement technique ou administratif qui ne prend sens qu\u2019au moment o\u00f9 une transaction inhabituelle, un profil client atypique ou un mouvement irr\u00e9gulier d\u2019actifs devient formellement visible. Le ph\u00e9nom\u00e8ne se manifeste bien davantage dans une r\u00e9alit\u00e9 sociale pr\u00e9alable au sein de laquelle la confiance sert de couverture, la proximit\u00e9 fonctionne comme un moyen d\u2019influence, la d\u00e9pendance \u00e9conomique est exploit\u00e9e, les fronti\u00e8res morales s\u2019\u00e9rodent progressivement et une l\u00e9gitimation informelle permet le passage d\u2019agissements moralement douteux \u00e0 des comportements qui paraissent socialement acceptables. Dans cette r\u00e9alit\u00e9 sociale, les quartiers, les familles, les milieux professionnels, les r\u00e9seaux diasporiques, les communaut\u00e9s religieuses, les \u00e9tablissements scolaires, les structures entrepreneuriales locales, les relations de soin, les circuits de cr\u00e9dit informels et les communaut\u00e9s num\u00e9riques jouent un r\u00f4le constitutif. Non parce que ces ensembles seraient, par nature, porteurs de risque, mais parce que les abus \u00e9conomico-financiers s\u2019y positionnent souvent pour la premi\u00e8re fois, y trouvent leur langage, y acqui\u00e8rent une plausibilit\u00e9 sociale et y recherchent une protection contre la visibilit\u00e9 formelle. La communaut\u00e9 n\u2019est donc pas appr\u00e9hend\u00e9e comme un contexte secondaire entourant un risque financier d\u00e9j\u00e0 constitu\u00e9, mais comme l\u2019espace relationnel primaire dans lequel apparaissent les conditions permettant de pr\u00e9parer, de normaliser, de dissimuler ou de contenir pr\u00e9cocement les abus.<\/p><p data-start=\"2127\" data-end=\"4427\">Dans ce contexte, la gestion int\u00e9gr\u00e9e des risques de criminalit\u00e9 financi\u00e8re rev\u00eat une signification plus large et institutionnellement plus exigeante. Il ne s\u2019agit plus seulement de construire un syst\u00e8me robuste de surveillance, de d\u00e9tection, de signalement, d\u2019escalade et d\u2019intervention, mais de concevoir une architecture de l\u2019int\u00e9grit\u00e9 qui comprenne que les m\u00e9canismes formels de contr\u00f4le ne peuvent rester durablement efficaces que s\u2019ils sont reli\u00e9s aux mondes v\u00e9cus dans lesquels l\u2019atteinte \u00e9conomico-financi\u00e8re \u00e0 l\u2019int\u00e9grit\u00e9 prend racine sur le plan social. Un syst\u00e8me qui se repose exclusivement sur des donn\u00e9es centralis\u00e9es, sur la qualification juridique et sur des instruments sectoriels de conformit\u00e9 court le risque d\u2019intervenir trop tard, parce qu\u2019il n\u2019agit qu\u2019une fois que les sch\u00e9mas de comportement sont suffisamment cristallis\u00e9s pour devenir reconnaissables au regard institutionnel. Une approche \u00e0 l\u2019\u00e9chelle de la communaut\u00e9 introduit au contraire la reconnaissance du fait que les signaux pr\u00e9coces apparaissent souvent dans les changements de comportement, les pressions relationnelles, les d\u00e9placements de r\u00e9putation au niveau local, les hausses de statut inexpliqu\u00e9es, les formes silencieuses de d\u00e9pendance et l\u2019acceptation sociale de comportements financiers qui ne sont pas encore formellement qualifi\u00e9s de suspects, mais pr\u00e9sentent d\u00e9j\u00e0, sur le plan mat\u00e9riel, les contours de la tromperie, de l\u2019exploitation, du blanchiment, de la facilitation ou de l\u2019opportunisme \u00e9conomique. Cette compr\u00e9hension impose un mod\u00e8le dans lequel l\u2019int\u00e9grit\u00e9 financi\u00e8re est prot\u00e9g\u00e9e, en partie, par la qualit\u00e9 des liens locaux, l\u2019accessibilit\u00e9 des voies de signalement, la fiabilit\u00e9 des partenaires sociaux, la r\u00e9silience des groupes vuln\u00e9rables et la l\u00e9gitimit\u00e9 avec laquelle les institutions agissent au sein de communaut\u00e9s entretenant souvent d\u00e9j\u00e0 une relation complexe avec l\u2019autorit\u00e9, le contr\u00f4le et la normativit\u00e9 formelle. Dans cette perspective, la gestion int\u00e9gr\u00e9e des risques de criminalit\u00e9 financi\u00e8re ne devient pas plus r\u00e9duite, mais plus profonde : moins confin\u00e9e \u00e0 la couche institutionnelle ext\u00e9rieure du contr\u00f4le et plus solidement ancr\u00e9e dans la r\u00e9alit\u00e9 sociale o\u00f9 les atteintes \u00e0 l\u2019int\u00e9grit\u00e9 sont pr\u00e9par\u00e9es, diffus\u00e9es et parfois tol\u00e9r\u00e9es comme une composante de la vie ordinaire.<\/p><p><!-- \/wp:paragraph --><\/p>\t\t\t\t\t\t\t\t<\/div>\n\t\t\t\t<\/div>\n\t\t\t\t\t<\/div>\n\t\t<\/div>\n\t\t\t\t\t<\/div>\n\t\t<\/section>\n\t\t\t\t<section class=\"elementor-section elementor-top-section elementor-element elementor-element-9338f46 elementor-section-boxed elementor-section-height-default elementor-section-height-default\" data-id=\"9338f46\" data-element_type=\"section\" data-e-type=\"section\">\n\t\t\t\t\t\t<div class=\"elementor-container elementor-column-gap-default\">\n\t\t\t\t\t<div class=\"elementor-column elementor-col-100 elementor-top-column elementor-element elementor-element-585be9f\" data-id=\"585be9f\" data-element_type=\"column\" data-e-type=\"column\">\n\t\t\t<div class=\"elementor-widget-wrap elementor-element-populated\">\n\t\t\t\t\t\t<div class=\"elementor-element elementor-element-defb282 elementor-widget elementor-widget-text-editor\" data-id=\"defb282\" data-element_type=\"widget\" data-e-type=\"widget\" data-widget_type=\"text-editor.default\">\n\t\t\t\t<div class=\"elementor-widget-container\">\n\t\t\t\t\t\t\t\t\t<div class=\"text-base my-auto mx-auto [--thread-content-margin:var(--thread-content-margin-xs,calc(var(--spacing)*4))] @w-sm\/main:[--thread-content-margin:var(--thread-content-margin-sm,calc(var(--spacing)*6))] @w-lg\/main:[--thread-content-margin:var(--thread-content-margin-lg,calc(var(--spacing)*16))] px-(--thread-content-margin)\"><div class=\"[--thread-content-max-width:40rem] @w-lg\/main:[--thread-content-max-width:48rem] mx-auto max-w-(--thread-content-max-width) flex-1 group\/turn-messages focus-visible:outline-hidden relative flex w-full min-w-0 flex-col agent-turn\"><div class=\"flex max-w-full flex-col gap-4 grow\"><div class=\"min-h-8 text-message relative flex w-full flex-col items-end gap-2 text-start break-words whitespace-normal outline-none keyboard-focused:focus-ring [.text-message+&amp;]:mt-1\" dir=\"auto\" data-message-author-role=\"assistant\" data-message-id=\"90834033-6a95-469f-84ef-88becdfe2f28\" data-message-model-slug=\"gpt-5-4-thinking\"><div class=\"flex w-full flex-col gap-1 empty:hidden\"><div class=\"markdown prose dark:prose-invert w-full wrap-break-word light markdown-new-styling\"><div class=\"text-base my-auto mx-auto [--thread-content-margin:var(--thread-content-margin-xs,calc(var(--spacing)*4))] @w-sm\/main:[--thread-content-margin:var(--thread-content-margin-sm,calc(var(--spacing)*6))] @w-lg\/main:[--thread-content-margin:var(--thread-content-margin-lg,calc(var(--spacing)*16))] px-(--thread-content-margin)\"><div class=\"[--thread-content-max-width:40rem] @w-lg\/main:[--thread-content-max-width:48rem] mx-auto max-w-(--thread-content-max-width) flex-1 group\/turn-messages focus-visible:outline-hidden relative flex w-full min-w-0 flex-col agent-turn\"><div class=\"flex max-w-full flex-col gap-4 grow\"><div class=\"min-h-8 text-message relative flex w-full flex-col items-end gap-2 text-start break-words whitespace-normal outline-none keyboard-focused:focus-ring [.text-message+&amp;]:mt-1\" dir=\"auto\" data-message-author-role=\"assistant\" data-message-id=\"99e0ab1a-c37c-4263-b756-ab93aea1ed15\" data-message-model-slug=\"gpt-5-4-thinking\"><div class=\"flex w-full flex-col gap-1 empty:hidden\"><div class=\"markdown prose dark:prose-invert w-full wrap-break-word light markdown-new-styling\"><div class=\"text-base my-auto mx-auto [--thread-content-margin:var(--thread-content-margin-xs,calc(var(--spacing)*4))] @w-sm\/main:[--thread-content-margin:var(--thread-content-margin-sm,calc(var(--spacing)*6))] @w-lg\/main:[--thread-content-margin:var(--thread-content-margin-lg,calc(var(--spacing)*16))] px-(--thread-content-margin)\"><div class=\"[--thread-content-max-width:40rem] @w-lg\/main:[--thread-content-max-width:48rem] mx-auto max-w-(--thread-content-max-width) flex-1 group\/turn-messages focus-visible:outline-hidden relative flex w-full min-w-0 flex-col agent-turn\"><div class=\"flex max-w-full flex-col gap-4 grow\"><div class=\"min-h-8 text-message relative flex w-full flex-col items-end gap-2 text-start break-words whitespace-normal outline-none keyboard-focused:focus-ring [.text-message+&amp;]:mt-1\" dir=\"auto\" data-message-author-role=\"assistant\" data-message-id=\"b33b792d-f10f-40c4-a0bf-5a63de1e5468\" data-message-model-slug=\"gpt-5-4-thinking\"><div class=\"flex w-full flex-col gap-1 empty:hidden\"><div class=\"markdown prose dark:prose-invert w-full wrap-break-word light markdown-new-styling\"><h4 data-start=\"4429\" data-end=\"4530\">L\u2019approche \u00e0 l\u2019\u00e9chelle de la communaut\u00e9 comme d\u00e9marche orient\u00e9e vers l\u2019\u00e9chelon local et r\u00e9gional<\/h4><p data-start=\"4532\" data-end=\"6480\">Une approche \u00e0 l\u2019\u00e9chelle de la communaut\u00e9 dans le cadre de la gestion int\u00e9gr\u00e9e des risques de criminalit\u00e9 financi\u00e8re exige, en premier lieu, un d\u00e9placement d\u2019une perspective principalement centrale, sectorielle et technico-syst\u00e9mique vers une d\u00e9marche dans laquelle les r\u00e9alit\u00e9s ancr\u00e9es localement et r\u00e9gionalement occupent une place autonome dans l\u2019\u00e9valuation des risques, la strat\u00e9gie de pr\u00e9vention et l\u2019architecture de protection. La criminalit\u00e9 \u00e9conomico-financi\u00e8re ne se d\u00e9veloppe pas dans un vide institutionnel abstrait, mais dans des environnements g\u00e9ographiques, sociaux et \u00e9conomiques concrets o\u00f9 certains secteurs dominent, o\u00f9 les rapports de d\u00e9pendance jouent un r\u00f4le structurel, o\u00f9 les march\u00e9s formels et informels s\u2019entrelacent et o\u00f9 les normes locales contribuent \u00e0 d\u00e9terminer quels comportements sont per\u00e7us comme inacceptables, habiles, n\u00e9cessaires ou in\u00e9vitables. Dans les zones urbaines caract\u00e9ris\u00e9es par une forte mobilit\u00e9, dans les r\u00e9gions frontali\u00e8res marqu\u00e9es par une logistique transfrontali\u00e8re intense, dans les \u00e9conomies touristiques o\u00f9 les flux d\u2019esp\u00e8ces sont importants, dans les r\u00e9gions en d\u00e9clin o\u00f9 la vuln\u00e9rabilit\u00e9 \u00e9conomique co\u00efncide avec des r\u00e9seaux socialement ferm\u00e9s, et dans les quartiers o\u00f9 la d\u00e9fiance \u00e0 l\u2019\u00e9gard des institutions est profond\u00e9ment enracin\u00e9e, les sch\u00e9mas d\u2019abus financiers prennent des formes diff\u00e9rentes. Une d\u00e9marche orient\u00e9e vers l\u2019\u00e9chelon local et r\u00e9gional reconna\u00eet donc que les mod\u00e8les g\u00e9n\u00e9riques de risque ne saisissent qu\u2019une part limit\u00e9e de la r\u00e9alit\u00e9 et que la ma\u00eetrise effective d\u00e9pend aussi de la capacit\u00e9 \u00e0 comprendre les variables contextuelles locales sans tomber dans la simplification ni dans la stigmatisation. La question n\u2019est pas seulement de savoir o\u00f9 le risque se manifeste, mais aussi de comprendre comment les structures sociales et \u00e9conomiques, dans des lieux sp\u00e9cifiques, influencent l\u2019\u00e9mergence, la dissimulation ou la limitation de la subversion \u00e9conomico-financi\u00e8re.<\/p><p data-start=\"6482\" data-end=\"8252\">Cette d\u00e9marche a des implications consid\u00e9rables pour la mani\u00e8re dont les institutions, les pouvoirs publics et les acteurs sociaux organisent leurs responsabilit\u00e9s. Un mod\u00e8le de ma\u00eetrise con\u00e7u au niveau central peut offrir des normes uniformes et une coh\u00e9rence proc\u00e9durale, mais il perd en efficacit\u00e9 lorsqu\u2019il manque de sensibilit\u00e9 aux diff\u00e9rences r\u00e9gionales en mati\u00e8re de dynamique de march\u00e9, de sch\u00e9mas criminels, de structures communautaires et de profils de vuln\u00e9rabilit\u00e9. Dans certaines r\u00e9gions, les montages immobiliers, les entreprises familiales et les circuits de pr\u00eat informels peuvent constituer les principaux vecteurs d\u2019abus \u00e9conomico-financiers ; dans d\u2019autres contextes, le centre de gravit\u00e9 peut se situer dans l\u2019exploitation du travail, le recours aux mules financi\u00e8res, la fraude num\u00e9rique, les abus au sein des structures de soin ou les formes commerciales de petite taille servant de couverture \u00e0 l\u2019int\u00e9gration de patrimoines illicites. Une orientation \u00e0 l\u2019\u00e9chelle de la communaut\u00e9 implique d\u00e8s lors que la gestion int\u00e9gr\u00e9e des risques de criminalit\u00e9 financi\u00e8re ne peut se satisfaire d\u2019un pilotage purement vertical fond\u00e9 sur une logique nationale ou sectorielle, mais requiert un affinement horizontal, un d\u00e9veloppement des connaissances r\u00e9gionales et un contact durable avec les acteurs locaux qui disposent d\u2019une compr\u00e9hension du contexte, des comportements et des \u00e9volutions. Cet affinement ne constitue pas un plaidoyer en faveur de la fragmentation des normes, mais en faveur d\u2019une intelligence institutionnelle : un syst\u00e8me qui applique la m\u00eame norme d\u2019int\u00e9grit\u00e9 tout en reconnaissant que les voies par lesquelles les capitaux de subversion cherchent \u00e0 conqu\u00e9rir un espace social et \u00e9conomique varient consid\u00e9rablement d\u2019une r\u00e9gion \u00e0 l\u2019autre.<\/p><p data-start=\"8254\" data-end=\"9806\">Il en r\u00e9sulte un d\u00e9fi de gouvernance et un d\u00e9fi juridique qui vont bien au-del\u00e0 de la coop\u00e9ration classique. Une approche \u00e0 l\u2019\u00e9chelle de la communaut\u00e9, orient\u00e9e vers les niveaux local et r\u00e9gional, appelle une forme de gouvernance int\u00e9gr\u00e9e du risque dans laquelle l\u2019information, le signalement, la protection et la pr\u00e9vention sont organis\u00e9s de telle mani\u00e8re que le contexte r\u00e9gional ne soit pas simplement enregistr\u00e9 comme un arri\u00e8re-plan, mais trait\u00e9 comme un \u00e9l\u00e9ment constitutif de l\u2019analyse. Cela implique que les structures locales de gouvernance, les partenaires r\u00e9gionaux du secteur social et de la s\u00e9curit\u00e9, les professionnels de proximit\u00e9, les \u00e9tablissements d\u2019enseignement, les organisations sociales et les r\u00e9seaux \u00e9conomiques ne soient pas mobilis\u00e9s uniquement de mani\u00e8re ad hoc lorsque des incidents s\u2019aggravent, mais fassent structurellement partie d\u2019une architecture de connaissance et de r\u00e9ponse qui aborde l\u2019int\u00e9grit\u00e9 financi\u00e8re \u00e0 plusieurs niveaux. La communaut\u00e9 n\u2019est alors pas r\u00e9duite \u00e0 un objet de politique publique, mais positionn\u00e9e comme l\u2019environnement dans lequel les signaux, les risques, les tensions normatives et les possibilit\u00e9s de protection se pr\u00e9sentent \u00e0 un stade pr\u00e9coce. Le c\u0153ur de cette approche r\u00e9side dans la reconnaissance du fait qu\u2019une gestion int\u00e9gr\u00e9e efficace des risques de criminalit\u00e9 financi\u00e8re ne peut \u00eatre pilot\u00e9e que de mani\u00e8re limit\u00e9e \u00e0 partir d\u2019une distance institutionnelle lorsque les m\u00e9canismes sociaux qui rendent possibles les abus financiers sont produits et reproduits dans la proximit\u00e9 locale.<\/p><h4 data-start=\"9808\" data-end=\"9896\">La communaut\u00e9 comme premier monde v\u00e9cu du risque, de la confiance et du signalement<\/h4><p data-start=\"9898\" data-end=\"11643\">Dans le cadre de la gestion int\u00e9gr\u00e9e des risques de criminalit\u00e9 financi\u00e8re, la communaut\u00e9 doit \u00eatre comprise comme le premier monde v\u00e9cu dans lequel le risque, la confiance et le signalement se rencontrent avant que ces \u00e9l\u00e9ments ne soient traduits sur le plan institutionnel en signalements, dossiers, analyses ou interventions. Dans ce premier monde v\u00e9cu, les personnes sont confront\u00e9es \u00e0 des comportements et \u00e0 des circonstances qui demeurent d\u2019abord invisibles pour les syst\u00e8mes formels, mais qui, au sein des relations sociales, peuvent d\u00e9j\u00e0 \u00eatre per\u00e7us comme anormaux, mena\u00e7ants, inhabituels ou moralement troublants. Il peut s\u2019agir de changements soudains dans les habitudes de d\u00e9pense, de pressions sociales visant \u00e0 obtenir la mise \u00e0 disposition de comptes bancaires ou de moyens d\u2019identification, de flux financiers inexpliqu\u00e9s transitant par des personnes de confiance, d\u2019\u00e9tablissements commerciaux ou de restauration dans un quartier qui acqui\u00e8rent une r\u00e9putation ambigu\u00eb, ou encore de personnes vuln\u00e9rables qui perdent progressivement le contr\u00f4le effectif de leur autonomie financi\u00e8re. Ces signaux n\u2019apparaissent pas d\u2019abord sous la forme de faits juridiquement ordonn\u00e9s ; ils se pr\u00e9sentent comme des fragments d\u2019exp\u00e9rience, des impressions relationnelles, des avertissements dans l\u2019interaction sociale et des d\u00e9placements dans le sentiment local de ce qui demeure l\u00e9gitime et compr\u00e9hensible. Un syst\u00e8me d\u2019int\u00e9grit\u00e9 m\u00fbr ne peut donc pas se permettre de traiter la communaut\u00e9 simplement comme l\u2019ext\u00e9rieur diffus du syst\u00e8me formel. Au sein des communaut\u00e9s, il est souvent per\u00e7u plus t\u00f4t qu\u2019un sch\u00e9ma commence \u00e0 se dessiner, m\u00eame lorsque ce sch\u00e9ma n\u2019atteint pas encore les seuils de preuve formelle ou de qualification institutionnelle.<\/p><p data-start=\"11645\" data-end=\"13308\">La confiance joue, dans ce processus, un r\u00f4le fondamentalement ambivalent. D\u2019une part, elle constitue le fondement de la coh\u00e9sion sociale, de la coop\u00e9ration \u00e9conomique et de la r\u00e9silience communautaire. Sans confiance, il n\u2019existe ni volont\u00e9 durable d\u2019entraide, ni correction informelle des comportements transgressifs, ni disposition partag\u00e9e \u00e0 rendre les risques discutables. D\u2019autre part, cette m\u00eame confiance constitue l\u2019un des m\u00e9canismes les plus efficaces par lesquels les abus \u00e9conomico-financiers peuvent se dissimuler et se l\u00e9gitimer. Des personnes mettent leurs comptes \u00e0 la disposition de connaissances, signent des documents pour des membres de leur famille, investissent dans des projets informels sur la recommandation de figures respect\u00e9es ou acceptent des montages opaques parce que l\u2019interm\u00e9diaire est socialement proche, culturellement familier ou \u00e9conomiquement influent. La criminalit\u00e9 financi\u00e8re s\u2019ins\u00e8re ainsi fr\u00e9quemment dans des structures de confiance pr\u00e9existantes et en tire une couche protectrice contre la m\u00e9fiance ext\u00e9rieure. Une gestion int\u00e9gr\u00e9e des risques de criminalit\u00e9 financi\u00e8re qui ne reconna\u00eet pas suffisamment cette dynamique court le risque de traiter la confiance soit comme un \u00e9l\u00e9ment exclusivement positif, soit exclusivement comme une vuln\u00e9rabilit\u00e9. Une approche \u00e0 l\u2019\u00e9chelle de la communaut\u00e9 exige une perspective plus nuanc\u00e9e dans laquelle la confiance est comprise comme un capital social susceptible d\u2019offrir une protection, mais aussi comme une infrastructure relationnelle susceptible d\u2019\u00eatre capt\u00e9e au service de la tromperie, de l\u2019exploitation et de la normalisation sociale de pratiques financi\u00e8rement douteuses.<\/p><p data-start=\"13310\" data-end=\"14872\">Dans cette perspective, le signalement acquiert une signification diff\u00e9rente de celle que lui attribuent les mod\u00e8les institutionnels classiques. Il ne consiste pas seulement \u00e0 enregistrer des anomalies objectives au sein de syst\u00e8mes formels, mais aussi \u00e0 observer des perturbations relationnelles, des tensions comportementales et des d\u00e9placements locaux qui pr\u00e9c\u00e8dent des atteintes \u00e0 l\u2019int\u00e9grit\u00e9 identifiables sur le plan formel. Cela ne signifie pas que toutes les connaissances issues de la communaut\u00e9 sont fiables ni que rumeurs, soup\u00e7ons et impressions subjectives doivent automatiquement \u00eatre consid\u00e9r\u00e9s comme pertinents pour l\u2019action publique. Cela signifie toutefois qu\u2019un syst\u00e8me qui ne laisse aucune place aux signaux de pr\u00e9occupation \u00e9manant du premier monde v\u00e9cu des citoyens et des communaut\u00e9s se prive d\u2019une source essentielle d\u2019intelligence pr\u00e9coce. L\u2019enjeu consiste d\u00e8s lors \u00e0 concevoir des m\u00e9canismes de traduction fiables entre l\u2019observation sociale et l\u2019\u00e9valuation institutionnelle : des canaux s\u00fbrs, attentifs aux int\u00e9r\u00eats r\u00e9putationnels, capables d\u2019int\u00e9grer un contexte suffisant et emp\u00eachant que la proximit\u00e9 ne d\u00e9g\u00e9n\u00e8re en arbitraire ou en suspicion infond\u00e9e. C\u2019est pr\u00e9cis\u00e9ment dans ces m\u00e9canismes de traduction que r\u00e9side un \u00e9l\u00e9ment central de la gestion int\u00e9gr\u00e9e des risques de criminalit\u00e9 financi\u00e8re selon une approche \u00e0 l\u2019\u00e9chelle de la communaut\u00e9, car c\u2019est l\u00e0 qu\u2019il se d\u00e9cide si le premier monde v\u00e9cu du risque et de la confiance peut \u00e9galement fonctionner comme le premier monde v\u00e9cu d\u2019un signalement utile, \u00e9quitable et substantiel.<\/p><h4 data-start=\"14874\" data-end=\"14971\">Les municipalit\u00e9s, les organisations de quartier et les r\u00e9seaux de soin comme premi\u00e8re ligne<\/h4><p data-start=\"14973\" data-end=\"16867\">Dans une approche \u00e0 l\u2019\u00e9chelle de la communaut\u00e9, les municipalit\u00e9s, les organisations de quartier et les r\u00e9seaux de soin occupent une position qui ne peut \u00eatre d\u00e9crite de mani\u00e8re ad\u00e9quate \u00e0 l\u2019aide de la distinction traditionnelle entre action r\u00e9pressive primaire et soutien secondaire. Dans le contexte de la gestion int\u00e9gr\u00e9e des risques de criminalit\u00e9 financi\u00e8re, ces acteurs constituent une premi\u00e8re ligne parce qu\u2019ils op\u00e8rent \u00e0 l\u2019intersection o\u00f9 se rencontrent la vuln\u00e9rabilit\u00e9 \u00e9conomico-financi\u00e8re, la d\u00e9pendance sociale, la l\u00e9gitimit\u00e9 administrative et le monde v\u00e9cu quotidien. Les municipalit\u00e9s disposent d\u2019une visibilit\u00e9 sur le d\u00e9veloppement des quartiers, les sch\u00e9mas d\u2019endettement, les dynamiques d\u2019autorisation, les signaux issus du secteur social, la vuln\u00e9rabilit\u00e9 en mati\u00e8re de logement, les structures de nuisance et les tensions locales en mati\u00e8re de s\u00e9curit\u00e9. Les organisations de quartier entretiennent souvent un contact avec des r\u00e9sidents que les institutions formelles atteignent difficilement et sont en mesure de percevoir des \u00e9volutions subtiles dans la confiance, la peur, la d\u00e9pendance et la normalisation des abus financiers. Les r\u00e9seaux de soin, y compris les services infirmiers de proximit\u00e9, l\u2019accompagnement social, l\u2019aide au d\u00e9sendettement, les services destin\u00e9s aux personnes \u00e2g\u00e9es et le travail social, sont confront\u00e9s \u00e0 des situations dans lesquelles l\u2019autonomie financi\u00e8re est sous pression, les procurations sont d\u00e9tourn\u00e9es, les comptes sont pris en main par d\u2019autres ou des personnes se trouvent pi\u00e9g\u00e9es dans des dynamiques de contr\u00f4le relationnel qui, juridiquement, demeurent encore difficiles \u00e0 qualifier. Ces acteurs ne remplacent ni les autorit\u00e9s de supervision ni les services r\u00e9pressifs, mais leur positionnement \u00e0 l\u2019avant-poste de la r\u00e9alit\u00e9 sociale les rend indispensables \u00e0 une architecture de l\u2019int\u00e9grit\u00e9 qui prend au s\u00e9rieux la protection pr\u00e9coce.<\/p><p data-start=\"16869\" data-end=\"18521\">La qualification de ces acteurs comme premi\u00e8re ligne comporte toutefois des responsabilit\u00e9s et des tensions qui doivent \u00eatre trait\u00e9es avec une grande rigueur institutionnelle. D\u00e8s lors que les municipalit\u00e9s, les organisations de quartier et les r\u00e9seaux de soin sont consid\u00e9r\u00e9s comme des maillons essentiels de la gestion int\u00e9gr\u00e9e des risques de criminalit\u00e9 financi\u00e8re, le risque appara\u00eet qu\u2019une posture implicitement quasi-investigative soit attendue d\u2019eux, alors m\u00eame que leur l\u00e9gitimit\u00e9 repose souvent sur la proximit\u00e9, la confiance et une orientation vers l\u2019accompagnement. Un travailleur social qui n\u2019agit plus qu\u2019\u00e0 travers le prisme de la d\u00e9tection des abus peut perdre la relation de confiance n\u00e9cessaire pour rendre visible la vuln\u00e9rabilit\u00e9. Une organisation de quartier trop \u00e9troitement associ\u00e9e au signalement aupr\u00e8s des autorit\u00e9s peut perdre son soutien au sein de communaut\u00e9s o\u00f9 la d\u00e9fiance envers les institutions est d\u00e9j\u00e0 profond\u00e9ment install\u00e9e. Une municipalit\u00e9 qui appr\u00e9hende les risques \u00e9conomico-financiers exclusivement \u00e0 travers un cadre s\u00e9curitaire peut ne pas r\u00e9pondre de mani\u00e8re suffisante aux causes sociales de l\u2019instrumentalisation et de la d\u00e9pendance. Pour cette raison, la fonction de premi\u00e8re ligne requiert une r\u00e9flexion institutionnelle rigoureuse sur les r\u00f4les, les comp\u00e9tences, les garanties et les perspectives d\u2019action. La valeur de ces acteurs ne r\u00e9side pas dans l\u2019imitation de l\u2019action r\u00e9pressive formelle, mais dans leur capacit\u00e9 \u00e0 percevoir t\u00f4t, \u00e0 agir avec proportion, \u00e0 organiser la protection et \u00e0 canaliser les signaux de mani\u00e8re \u00e0 pr\u00e9server \u00e0 la fois les exigences de l\u2019\u00c9tat de droit et la l\u00e9gitimit\u00e9 sociale.<\/p><p data-start=\"18523\" data-end=\"20047\">Une approche m\u00fbre \u00e0 l\u2019\u00e9chelle de la communaut\u00e9 inscrit d\u00e8s lors cette premi\u00e8re ligne dans un syst\u00e8me plus large de soutien, de formation, de voies d\u2019escalade et de coop\u00e9ration interdisciplinaire. Les municipalit\u00e9s doivent disposer de cadres permettant que les signaux relatifs aux abus financiers, \u00e0 l\u2019exploitation, au recrutement de mules financi\u00e8res, aux structures entrepreneuriales illicites ou aux titulaires de comptes vuln\u00e9rables ne soient pas fragment\u00e9s entre diff\u00e9rents services, mais \u00e9valu\u00e9s dans leur coh\u00e9rence. Les organisations de quartier ont besoin de possibilit\u00e9s de consultation \u00e0 bas seuil, afin que les pr\u00e9occupations ne demeurent pas suspendues entre intuition morale et embarras institutionnel quant \u00e0 la conduite \u00e0 tenir. Les r\u00e9seaux de soin ont besoin de protocoles clairs distinguant le soutien, la protection, le consentement, la confidentialit\u00e9 et l\u2019escalade, afin que l\u2019exploitation financi\u00e8re ne soit ni ignor\u00e9e, ni probl\u00e9matis\u00e9e d\u2019une mani\u00e8re qui endommage inutilement la relation de soin. Dans une telle architecture, le centre de gravit\u00e9 ne r\u00e9side pas dans une r\u00e9ponse dict\u00e9e par l\u2019incident, mais dans une pr\u00e9paration durable au plus pr\u00e8s du monde v\u00e9cu. La premi\u00e8re ligne n\u2019est alors pas un tampon improvis\u00e9 autour de syst\u00e8mes d\u00e9faillants, mais une couche de protection d\u00e9lib\u00e9r\u00e9ment con\u00e7ue, dans laquelle la l\u00e9gitimit\u00e9 locale, la connaissance relationnelle et l\u2019orientation institutionnelle se renforcent mutuellement dans le cadre de la gestion int\u00e9gr\u00e9e des risques de criminalit\u00e9 financi\u00e8re.<\/p><h4 data-start=\"20049\" data-end=\"20151\">Les \u00e9tablissements scolaires, les b\u00e9n\u00e9voles et les structures sociales comme couche de protection<\/h4><p data-start=\"20153\" data-end=\"22032\">Dans une approche \u00e0 l\u2019\u00e9chelle de la communaut\u00e9, les \u00e9tablissements scolaires, les b\u00e9n\u00e9voles et les structures sociales plus larges remplissent une fonction de protection qui demeure souvent sous-estim\u00e9e dans les mod\u00e8les classiques de gestion de l\u2019int\u00e9grit\u00e9 financi\u00e8re, mais qui rev\u00eat une importance concr\u00e8te majeure pour pr\u00e9venir le recrutement, la normalisation et l\u2019instrumentalisation relationnelle. Les \u00e9tablissements scolaires ne sont pas seulement des lieux d\u2019enseignement, mais aussi des espaces sociaux dans lesquels peuvent devenir visibles les changements de comportement, les dynamiques de groupe, la pression \u00e9conomique, les relations d\u2019influence et les premiers signes de pratiques financi\u00e8res opportunistes ou coercitives. Des jeunes qui disposent soudainement d\u2019argent sans explication plausible, des \u00e9l\u00e8ves sollicit\u00e9s pour mettre des comptes bancaires \u00e0 disposition, ou des \u00e9tudiants entra\u00een\u00e9s par les r\u00e9seaux sociaux et des circuits informels dans la fraude aux cryptoactifs, les sch\u00e9mas de r\u00e9exp\u00e9dition de colis, les escroqueries en ligne ou la facilitation de flux financiers se trouvent souvent \u00e0 un stade de vie o\u00f9 la honte, la sensibilit\u00e9 au statut et la faiblesse des contrepoids normatifs se combinent. Les b\u00e9n\u00e9voles et les structures sociales, notamment les clubs sportifs, les organisations religieuses, les initiatives de voisinage, les programmes de mentorat et les organisations de migrants, ont quant \u00e0 eux souvent acc\u00e8s \u00e0 des r\u00e9alit\u00e9s sociales qui restent inaccessibles ou difficilement lisibles pour les institutions formelles. C\u2019est pr\u00e9cis\u00e9ment dans ces espaces qu\u2019appara\u00eet la mani\u00e8re dont la vuln\u00e9rabilit\u00e9 se combine avec la loyaut\u00e9, dont les pressions informelles s\u2019exercent, dont la n\u00e9cessit\u00e9 \u00e9conomique d\u00e9place les fronti\u00e8res morales et dont la manipulation se pr\u00e9sente sous la forme de l\u2019aide, de l\u2019opportunit\u00e9 ou de la solidarit\u00e9 de groupe.<\/p><p data-start=\"22034\" data-end=\"23620\">La fonction de protection de ces acteurs ne repose pas uniquement sur leur capacit\u00e9 \u00e0 percevoir des signaux, mais aussi sur leur position normative et p\u00e9dagogique dans la vie des individus et des groupes. Dans les \u00e9tablissements scolaires se forment des conceptions de ce qui est habile, risqu\u00e9, loyal ou r\u00e9pr\u00e9hensible ; au sein des structures b\u00e9n\u00e9voles et des associations sociales, les normes de comportement sont confirm\u00e9es, des contre-discours peuvent \u00e9merger et des cadres de r\u00e9f\u00e9rence alternatifs sont offerts \u00e0 des personnes qui, autrement, pourraient devenir enti\u00e8rement d\u00e9pendantes de r\u00e9seaux risqu\u00e9s. Du point de vue de la gestion int\u00e9gr\u00e9e des risques de criminalit\u00e9 financi\u00e8re, cela est d\u2019une grande importance, parce que la subversion \u00e9conomico-financi\u00e8re ne prosp\u00e8re pas seulement en raison des faiblesses techniques des syst\u00e8mes, mais aussi du fait de l\u2019absence d\u2019une contre-force sociale cr\u00e9dible. Lorsque les jeunes ne disposent pas d\u2019un langage normatif leur permettant de reconna\u00eetre les m\u00e9canismes de recrutement, lorsque les organisations b\u00e9n\u00e9voles ne sont pas suffisamment outill\u00e9es pour rendre discutables les signaux d\u2019abus financiers, ou lorsque les structures sociales \u00e9vitent, par crainte de la stigmatisation, toute discussion sur l\u2019exploitation, les mules financi\u00e8res ou les faux investissements, un vide se cr\u00e9e dans lequel l\u2019opportunisme financier peut plus facilement se pr\u00e9senter comme normal ou in\u00e9vitable. Une couche de protection exige donc non seulement de la pr\u00e9sence, mais aussi de la pr\u00e9paration, de la l\u00e9gitimit\u00e9 et une capacit\u00e9 effective d\u2019agir.<\/p><p data-start=\"23622\" data-end=\"25205\">Dans le m\u00eame temps, une retenue consid\u00e9rable s\u2019impose avant d\u2019imposer aux \u00e9tablissements scolaires, aux b\u00e9n\u00e9voles et aux structures sociales des t\u00e2ches qui exc\u00e8dent leur nature, leur capacit\u00e9 ou leur l\u00e9gitimit\u00e9. Un \u00e9tablissement scolaire n\u2019est pas une autorit\u00e9 d\u2019enqu\u00eate, une organisation b\u00e9n\u00e9vole n\u2019est pas le prolongement de la supervision financi\u00e8re et une structure sociale ne doit pas \u00eatre transform\u00e9e en une infrastructure diffuse de soup\u00e7on social. La force de cette couche de protection r\u00e9side dans la pr\u00e9vention, le renforcement des normes, l\u2019identification pr\u00e9coce, la possibilit\u00e9 d\u2019aborder les probl\u00e8mes dans un cadre confidentiel et l\u2019orientation vers des dispositifs appropri\u00e9s d\u2019aide ou de signalement. Cela suppose un environnement institutionnel dans lequel les signaux sont pris au s\u00e9rieux sans que les organisations soient contraintes de juridiciser chaque observation pr\u00e9occupante. Cela suppose \u00e9galement que l\u2019information soit culturellement, linguistiquement et socialement accessible, afin que les avertissements contre les abus financiers ne restent pas enferm\u00e9s dans un langage abstrait de conformit\u00e9, mais atteignent r\u00e9ellement le monde d\u2019exp\u00e9rience concret des jeunes, des familles et des communaut\u00e9s. Dans une approche \u00e0 l\u2019\u00e9chelle de la communaut\u00e9 bien con\u00e7ue, les \u00e9tablissements scolaires, les b\u00e9n\u00e9voles et les structures sociales ne sont donc pas des acteurs p\u00e9riph\u00e9riques, mais des composantes essentielles d\u2019un ordre de protection qui r\u00e9duit l\u2019espace social dans lequel les abus financiers peuvent se pr\u00e9senter comme attrayants, anodins ou in\u00e9vitables.<\/p><h4 data-start=\"25207\" data-end=\"25271\">Vuln\u00e9rabilit\u00e9 locale, endettement et risques de recrutement<\/h4><p data-start=\"25273\" data-end=\"27006\">La vuln\u00e9rabilit\u00e9 locale, l\u2019endettement et les risques de recrutement figurent parmi les points de contact les plus saillants entre la r\u00e9alit\u00e9 sociale et la subversion \u00e9conomico-financi\u00e8re, et ils montrent avec nettet\u00e9 pourquoi la gestion int\u00e9gr\u00e9e des risques de criminalit\u00e9 financi\u00e8re perd en cr\u00e9dibilit\u00e9 lorsque la protection des personnes est dissoci\u00e9e de la ma\u00eetrise des flux financiers. Les dettes ne cr\u00e9ent pas seulement une pression financi\u00e8re, mais aussi une susceptibilit\u00e9 morale et relationnelle. Des personnes confront\u00e9es \u00e0 des arri\u00e9r\u00e9s de paiement, \u00e0 des pr\u00eats informels, \u00e0 une menace d\u2019expulsion, \u00e0 des probl\u00e8mes li\u00e9s \u00e0 l\u2019addiction, \u00e0 des conditions de travail pr\u00e9caires ou \u00e0 une faible litt\u00e9ratie institutionnelle peuvent se trouver dans des circonstances o\u00f9 des propositions risqu\u00e9es prennent l\u2019apparence d\u2019une solution imm\u00e9diate. Cela peut prendre la forme du pr\u00eat d\u2019un compte bancaire, de l\u2019immatriculation d\u2019une entreprise pour le compte d\u2019un tiers, de la signature de documents sans compr\u00e9hension compl\u00e8te de leurs cons\u00e9quences, de la r\u00e9ception et du transfert de fonds, ou de l\u2019exercice d\u2019un r\u00f4le de dirigeant, de locataire ou de propri\u00e9taire de fa\u00e7ade dans des structures dont la direction r\u00e9elle se trouve ailleurs. Le recrutement, dans de telles circonstances, se r\u00e9alise rarement \u00e0 travers une rh\u00e9torique criminelle explicite. Bien plus souvent, il se pr\u00e9sente comme une aide, une opportunit\u00e9, une possibilit\u00e9 de gain rapide, un soulagement temporaire ou une demande de loyaut\u00e9 au sein d\u2019un r\u00e9seau de confiance. Le contexte local n\u2019est donc pas un arri\u00e8re-plan neutre, mais un facteur qui contribue \u00e0 d\u00e9terminer la mani\u00e8re dont l\u2019exploitation financi\u00e8re et les comportements de facilitation prennent naissance.<\/p><p data-start=\"27008\" data-end=\"28644\">L\u2019endettement accro\u00eet ce risque parce qu\u2019il engendre non seulement un manque mat\u00e9riel, mais aussi la honte, le retrait social, la d\u00e9pendance et une r\u00e9sistance amoindrie \u00e0 l\u2019influence informelle. Des personnes qui redoutent les huissiers, la perte du logement, l\u2019atteinte \u00e0 leur r\u00e9putation ou la d\u00e9sorganisation familiale seront moins enclines \u00e0 chercher de l\u2019aide ouvertement et pourront, de ce fait, se montrer plus r\u00e9ceptives \u00e0 des arrangements qui semblent rester hors de vue des institutions. Dans des quartiers ou des communaut\u00e9s o\u00f9 l\u2019endettement est fr\u00e9quent et o\u00f9 l\u2019aide formelle est per\u00e7ue comme difficile d\u2019acc\u00e8s, humiliante ou lente, il peut en outre se cr\u00e9er un terrain favorable \u00e0 des circuits alternatifs d\u2019argent, de m\u00e9diation et de services r\u00e9ciproques qui paraissent d\u2019abord soutenants, mais introduisent en r\u00e9alit\u00e9 de nouvelles formes de contr\u00f4le et d\u2019exploitation. Du point de vue d\u2019une approche \u00e0 l\u2019\u00e9chelle de la communaut\u00e9, il est donc insuffisant de traiter la dette comme un simple probl\u00e8me socio-\u00e9conomique et le recrutement uniquement comme un incident de droit p\u00e9nal. L\u2019un et l\u2019autre doivent \u00eatre compris comme des \u00e9l\u00e9ments d\u2019une question plus large d\u2019int\u00e9grit\u00e9 : comment emp\u00eacher que la vuln\u00e9rabilit\u00e9 locale soit syst\u00e9matiquement transform\u00e9e en infrastructure exploitable au service d\u2019abus \u00e9conomico-financiers ? La r\u00e9ponse ne peut \u00eatre trouv\u00e9e exclusivement dans la r\u00e9pression une fois le montage devenu visible, mais doit aussi \u00eatre recherch\u00e9e dans la protection pr\u00e9ventive, l\u2019aide accessible, l\u2019intervention pr\u00e9coce et la rupture des conditions sociales dans lesquelles l\u2019abus se d\u00e9guise en choix rationnel.<\/p><p data-start=\"28646\" data-end=\"30368\" data-is-last-node=\"\" data-is-only-node=\"\">Les risques de recrutement exigent donc, dans le cadre de la gestion int\u00e9gr\u00e9e des risques de criminalit\u00e9 financi\u00e8re, une approche \u00e0 la fois analytiquement fine et institutionnellement large. Tout d\u00e9biteur n\u2019est pas vuln\u00e9rable au recrutement, toute forme d\u2019aide informelle n\u2019est pas suspecte et toute relation locale de d\u00e9pendance ne porte pas des caract\u00e9ristiques criminelles. Mais l\u00e0 o\u00f9 se conjuguent les dettes, la pression sociale, l\u2019absence de perspectives et la distance institutionnelle, \u00e9merge un environnement dans lequel l\u2019opportunisme financier peut exploiter efficacement la d\u00e9tresse humaine. Le r\u00f4le des acteurs locaux ne r\u00e9side alors pas seulement dans le signalement apr\u00e8s la survenance du dommage, mais aussi dans le renforcement des alternatives avant que ne soit accompli le premier pas vers un comportement de facilitation. Cela implique un acc\u00e8s effectif \u00e0 l\u2019aide au d\u00e9sendettement, une information cr\u00e9dible sur les risques r\u00e9els des montages de mules financi\u00e8res et des pr\u00eate-noms, une protection contre la coercition \u00e0 l\u2019int\u00e9rieur des r\u00e9seaux relationnels et une posture institutionnelle qui ne r\u00e9duise pas imm\u00e9diatement les personnes en situation de vuln\u00e9rabilit\u00e9 \u00e0 des coauteurs lorsque leur implication r\u00e9sulte aussi de la manipulation, de la d\u00e9pendance ou d\u2019une marge d\u2019action limit\u00e9e. Une approche \u00e0 l\u2019\u00e9chelle de la communaut\u00e9 montre ainsi clairement que la vuln\u00e9rabilit\u00e9 locale n\u2019est pas une question sociale p\u00e9riph\u00e9rique \u00e0 c\u00f4t\u00e9 de la gestion int\u00e9gr\u00e9e des risques de criminalit\u00e9 financi\u00e8re, mais une composante centrale de la question de savoir si un syst\u00e8me d\u2019int\u00e9grit\u00e9 parvient \u00e0 emp\u00eacher que les plus vuln\u00e9rables soient utilis\u00e9s comme vecteurs de la criminalit\u00e9 \u00e9conomico-financi\u00e8re d\u2019autrui.<\/p><h4 data-start=\"0\" data-end=\"72\">Pr\u00e9vention communautaire contre la tromperie et les abus financiers<\/h4><p data-start=\"74\" data-end=\"2022\">Une approche pr\u00e9ventive communautaire dans le cadre de la gestion int\u00e9gr\u00e9e des risques de criminalit\u00e9 financi\u00e8re suppose que la pr\u00e9vention ne soit pas comprise uniquement comme la diffusion d\u2019avertissements, la publication de mat\u00e9riel d\u2019information ou le durcissement des obligations institutionnelles de vigilance, mais comme le renforcement d\u00e9lib\u00e9r\u00e9 des conditions sociales, normatives et relationnelles dans lesquelles la tromperie et les abus financiers ont moins de chances de fonctionner de mani\u00e8re cr\u00e9dible, attrayante ou inaper\u00e7ue. La tromperie n\u2019op\u00e8re en effet que rarement comme un simple probl\u00e8me cognitif dans lequel un individu re\u00e7oit simplement une information erron\u00e9e avant de faire un mauvais choix. Dans bien des cas, la tromperie est socialement ench\u00e2ss\u00e9e, m\u00e9diatis\u00e9e par les relations et soutenue sur le plan \u00e9motionnel. Des r\u00e9cits d\u2019investissement frauduleux deviennent cr\u00e9dibles parce qu\u2019ils sont relay\u00e9s par des connaissances ou par des personnes jouissant d\u2019une consid\u00e9ration locale. L\u2019usage abusif de comptes est accept\u00e9 parce qu\u2019il est pr\u00e9sent\u00e9 comme une aide temporaire apport\u00e9e \u00e0 un membre de la famille ou \u00e0 un ami. Des montages fictifs autour d\u2019entreprises, de l\u2019interm\u00e9diation de travail, d\u2019activit\u00e9s caritatives ou de l\u2019immobilier p\u00e9n\u00e8trent la vie quotidienne parce qu\u2019ils s\u2019ajustent \u00e0 des langages d\u00e9j\u00e0 \u00e9tablis de confiance, de r\u00e9ciprocit\u00e9 et de n\u00e9cessit\u00e9 \u00e9conomique. Une approche pr\u00e9ventive qui ne reconna\u00eet pas cette stratification sociale reste enferm\u00e9e dans des avertissements abstraits qui, tout en \u00e9tant peut-\u00eatre formellement exacts, ne p\u00e9n\u00e8trent pas suffisamment, dans la r\u00e9alit\u00e9 v\u00e9cue des communaut\u00e9s, les circonstances dans lesquelles les personnes forment effectivement leurs jugements. La pr\u00e9vention communautaire vise donc non pas simplement \u00e0 ajouter des connaissances, mais \u00e0 transformer les cadres interpr\u00e9tatifs \u00e0 travers lesquels les comportements financiers sont compris dans leur contexte social.<\/p><p data-start=\"2024\" data-end=\"3779\">Cela signifie que la pr\u00e9vention, dans une approche Whole-of-Community, doit s\u2019inscrire \u00e9troitement dans les mondes v\u00e9cus sp\u00e9cifiques, les vuln\u00e9rabilit\u00e9s, les registres linguistiques et les structures de confiance des communaut\u00e9s auxquelles elle s\u2019adresse. Dans les quartiers o\u00f9 l\u2019entraide \u00e9conomique informelle joue un r\u00f4le important, la discussion sur les abus financiers doit \u00eatre men\u00e9e dans des termes permettant de distinguer entre soutien mutuel l\u00e9gitime et exploitation sous couvert de solidarit\u00e9. Dans les contextes o\u00f9 les jeunes sont sensibles \u00e0 l\u2019influence en ligne, aux mod\u00e8les de gains rapides et aux choix financiers guid\u00e9s par le statut, la pr\u00e9vention doit faire plus que mettre en garde contre la r\u00e9pression p\u00e9nale ; elle doit \u00e9galement d\u00e9construire la logique par laquelle la fraude num\u00e9rique, les dispositifs de mules financi\u00e8res ou l\u2019entrepreneuriat fictif se pr\u00e9sentent comme des opportunit\u00e9s habiles ou n\u00e9cessaires. Dans les communaut\u00e9s o\u00f9 la d\u00e9fiance institutionnelle est profond\u00e9ment enracin\u00e9e, une pr\u00e9vention efficace ne peut pas reposer exclusivement sur des messages provenant des banques, de l\u2019\u00c9tat ou des autorit\u00e9s charg\u00e9es de l\u2019application de la loi, mais requiert une m\u00e9diation par des figures d\u2019autorit\u00e9 locale, des organisations de la soci\u00e9t\u00e9 civile et d\u2019autres interm\u00e9diaires cr\u00e9dibles. Dans cette perspective, la qualit\u00e9 de la pr\u00e9vention ne se mesure pas uniquement \u00e0 l\u2019exactitude juridique de son contenu, mais aussi \u00e0 la mesure dans laquelle ce contenu est reconnaissable, moralement en r\u00e9sonance avec l\u2019exp\u00e9rience des personnes et porteur de possibilit\u00e9s d\u2019action, sans devenir imm\u00e9diatement accusatoire ou moralisateur. La pr\u00e9vention doit parler le langage de la protection, et non pas seulement celui de la r\u00e9gulation.<\/p><p data-start=\"3781\" data-end=\"5377\">Dans le cadre de la gestion int\u00e9gr\u00e9e des risques de criminalit\u00e9 financi\u00e8re, la pr\u00e9vention communautaire prend ainsi le caract\u00e8re d\u2019un investissement structurel dans la r\u00e9silience sociale. L\u2019objectif n\u2019est pas seulement de r\u00e9duire les incidents \u00e0 court terme, mais de r\u00e9tr\u00e9cir l\u2019espace social dans lequel les abus financiers peuvent se pr\u00e9senter comme normaux, compr\u00e9hensibles ou d\u00e9pourvus de risque. Cela exige une pr\u00e9sence durable, de la r\u00e9p\u00e9tition, un ancrage relationnel et une coh\u00e9rence institutionnelle. Une campagne ponctuelle peut attirer l\u2019attention, mais transforme rarement les m\u00e9canismes sociaux sous-jacents par lesquels les personnes se taisent, se laissent entra\u00eener ou ne reconnaissent pas les signaux d\u2019alerte. Il faut une approche dans laquelle l\u2019\u00e9ducation, le travail de proximit\u00e9, les structures de soin, l\u2019aide au d\u00e9sendettement, les associations religieuses et culturelles, la sensibilisation num\u00e9rique et les r\u00e9seaux d\u2019entrepreneurs locaux contribuent ensemble \u00e0 un environnement dans lequel la tromperie est reconnue plus t\u00f4t, discut\u00e9e plus t\u00f4t et se voit moins facilement accorder une l\u00e9gitimit\u00e9 sociale. La dimension pr\u00e9ventive de la gestion int\u00e9gr\u00e9e des risques de criminalit\u00e9 financi\u00e8re se d\u00e9place ainsi d\u2019une fonction de soutien p\u00e9riph\u00e9rique vers un \u00e9l\u00e9ment essentiel de l\u2019architecture m\u00eame de l\u2019int\u00e9grit\u00e9. Non parce que la pr\u00e9vention remplacerait la r\u00e9pression, mais parce qu\u2019un syst\u00e8me qui ne r\u00e9agit qu\u2019apr\u00e8s l\u2019apparition de dommages visibles accepte en r\u00e9alit\u00e9 que la phase pr\u00e9paratoire sociale des abus financiers demeure hors du champ de vision et hors de port\u00e9e.<\/p><h4 data-start=\"5379\" data-end=\"5438\">Canaux de confiance, proximit\u00e9 et perspective d\u2019action<\/h4><p data-start=\"5440\" data-end=\"6930\">Une approche Whole-of-Community dans le cadre de la gestion int\u00e9gr\u00e9e des risques de criminalit\u00e9 financi\u00e8re met en \u00e9vidence que le signalement, la protection et l\u2019intervention d\u00e9pendent, dans une large mesure, de l\u2019existence de canaux de confiance par lesquels inqui\u00e9tudes, soup\u00e7ons, exp\u00e9riences et alertes pr\u00e9coces peuvent \u00eatre partag\u00e9s en toute s\u00e9curit\u00e9. Dans de nombreux cas, les personnes qui observent ou subissent des abus financiers savent \u00e0 peine o\u00f9 s\u2019adresser, quelles cons\u00e9quences un signalement entra\u00eenera, si leur r\u00e9cit sera pris au s\u00e9rieux et si le fait de rendre le probl\u00e8me discutable risque de mettre en danger elles-m\u00eames ou d\u2019autres personnes. Ce probl\u00e8me n\u2019est pas marginal ; il touche au c\u0153ur m\u00eame d\u2019un syst\u00e8me d\u2019int\u00e9grit\u00e9 efficace. Lorsque la distance entre le monde v\u00e9cu et la r\u00e9ponse institutionnelle devient trop grande, les signaux restent enferm\u00e9s dans le doute priv\u00e9, les conversations familiales, les rumeurs de quartier ou l\u2019acceptation silencieuse. Les canaux de confiance ne sont donc pas un d\u00e9tail administratif, mais une infrastructure n\u00e9cessaire d\u2019accessibilit\u00e9 et de protection. Leur l\u00e9gitimit\u00e9 repose sur la combinaison de la proximit\u00e9, de l\u2019intelligibilit\u00e9, de la confidentialit\u00e9 et d\u2019une r\u00e9elle capacit\u00e9 d\u2019action. En l\u2019absence de cette combinaison, un paradoxe appara\u00eet : les communaut\u00e9s disposent d\u2019un savoir pr\u00e9coce sur des sch\u00e9mas \u00e0 risque, sans pour autant percevoir d\u2019itin\u00e9raire cr\u00e9dible permettant de transformer ce savoir en action significative.<\/p><p data-start=\"6932\" data-end=\"8499\">La proximit\u00e9 est ici un facteur d\u00e9cisif, mais la proximit\u00e9 seule ne suffit pas. Un canal peut \u00eatre socialement proche tout en \u00e9tant ressenti comme peu s\u00fbr lorsque la confidentialit\u00e9 est incertaine, lorsque les personnes craignent d\u2019\u00eatre redirig\u00e9es sans soutien, ou lorsque des exp\u00e9riences ant\u00e9rieures ont montr\u00e9 que les signalements conduisent surtout \u00e0 l\u2019inertie bureaucratique ou \u00e0 des r\u00e9percussions au sein de leur propre cercle. Une personne de confiance \u00e0 l\u2019\u00e9cole, un travailleur social, un professionnel de quartier, un responsable religieux, un conseiller en d\u00e9sendettement ou un entrepreneur local jouissant d\u2019une autorit\u00e9 sociale peuvent \u00eatre bien plus accessibles aux personnes concern\u00e9es qu\u2019une instance formelle de signalement distante. Pourtant, cette accessibilit\u00e9 exige un ancrage institutionnel dans lequel les r\u00f4les sont clairs et dans lequel la personne qui re\u00e7oit un premier signal n\u2019est pas laiss\u00e9e seule avec un fardeau moral sans voie pratique pour la suite. Les canaux de confiance doivent donc \u00eatre int\u00e9gr\u00e9s dans un syst\u00e8me d\u2019orientation, de consultation, de triage et de protection, afin que la proximit\u00e9 ne se r\u00e9duise pas \u00e0 un accueil informel sans suite. Dans le cadre de la gestion int\u00e9gr\u00e9e des risques de criminalit\u00e9 financi\u00e8re, cela rev\u00eat une importance particuli\u00e8re, car de nombreux cas d\u2019abus financiers se d\u00e9roulent dans des structures relationnelles de d\u00e9pendance, de honte et de loyaut\u00e9, o\u00f9 le fait de faire le premier pas est souvent psychologiquement et socialement plus difficile que dans des formes plus anonymes d\u2019irr\u00e9gularit\u00e9.<\/p><p data-start=\"8501\" data-end=\"10151\">Pour cette raison, la perspective d\u2019action constitue le crit\u00e8re d\u00e9cisif. Les personnes n\u2019auront recours \u00e0 des canaux de confiance que si elles ont le sentiment que non seulement l\u2019\u00e9coute, mais aussi l\u2019action, sont possibles. Une perspective d\u2019action ne signifie pas que chaque signalement doit imm\u00e9diatement d\u00e9boucher sur une intervention, mais bien que la personne qui partage un signal sait qu\u2019il existe une \u00e9tape ult\u00e9rieure proportionn\u00e9e, compr\u00e9hensible et soigneusement encadr\u00e9e. Cette \u00e9tape peut prendre la forme d\u2019un conseil, de mesures de protection, d\u2019une consultation anonyme, d\u2019une orientation vers une aide, d\u2019une \u00e9valuation des risques ou, lorsque cela est n\u00e9cessaire, d\u2019une escalade vers les autorit\u00e9s formelles. En l\u2019absence d\u2019une telle perspective, la proximit\u00e9 devient une forme de r\u00e9assurance symbolique qui, en pratique, offre une protection insuffisante contre la r\u00e9p\u00e9tition, l\u2019escalade ou des formes plus profondes d\u2019exploitation. Une approche Whole-of-Community m\u00fbre n\u2019ancre donc pas les canaux de confiance dans une simple accessibilit\u00e9 bien intentionn\u00e9e, mais dans une architecture de r\u00e9ponse fonctionnelle au sein de laquelle le signalement informel et l\u2019\u00e9valuation formelle sont reli\u00e9s de mani\u00e8re \u00e9quilibr\u00e9e. De cette mani\u00e8re, la gestion int\u00e9gr\u00e9e des risques de criminalit\u00e9 financi\u00e8re devient non seulement un syst\u00e8me qui applique des r\u00e8gles une fois que le dommage est devenu visible, mais aussi un ordre de protection qui rend effectivement possible le premier pas vers le signalement, la prise en charge et l\u2019intervention dans cette proximit\u00e9 sociale o\u00f9 les abus financiers demeurent g\u00e9n\u00e9ralement cach\u00e9s le plus longtemps.<\/p><h4 data-start=\"10153\" data-end=\"10226\">L\u00e9gitimit\u00e9 locale et r\u00e9tablissement de la confiance institutionnelle<\/h4><p data-start=\"10228\" data-end=\"11773\">La l\u00e9gitimit\u00e9 locale constitue une condition structurelle de l\u2019efficacit\u00e9 de la gestion int\u00e9gr\u00e9e des risques de criminalit\u00e9 financi\u00e8re dans le cadre d\u2019une approche Whole-of-Community, parce que la politique d\u2019int\u00e9grit\u00e9 ne peut fonctionner durablement au sein des communaut\u00e9s que lorsqu\u2019elle est per\u00e7ue comme compr\u00e9hensible, proportionn\u00e9e et v\u00e9ritablement protectrice \u00e0 l\u2019\u00e9gard des citoyens de bonne foi. Un syst\u00e8me peut \u00eatre techniquement raffin\u00e9, juridiquement coh\u00e9rent et organisationnellement bien ordonn\u00e9, tout en \u00e9chouant si de larges segments de la soci\u00e9t\u00e9 l\u2019\u00e9prouvent comme distant, opaque, in\u00e9quitable ou principalement orient\u00e9 vers le contr\u00f4le sans protection visible. Ce risque est particuli\u00e8rement \u00e9lev\u00e9 dans des environnements o\u00f9 la relation aux institutions formelles est d\u00e9j\u00e0 charg\u00e9e par des exp\u00e9riences ant\u00e9rieures d\u2019exclusion, de d\u00e9fiance, de mise en \u0153uvre disproportionn\u00e9e, de barri\u00e8res linguistiques, de services difficilement accessibles ou d\u2019une perception profond\u00e9ment enracin\u00e9e selon laquelle le syst\u00e8me soup\u00e7onne plus vite qu\u2019il ne soutient. Dans de tels contextes, la politique d\u2019int\u00e9grit\u00e9 financi\u00e8re peut involontairement \u00eatre lue comme une prolongation de la distance institutionnelle plut\u00f4t que comme une garantie contre les abus. La l\u00e9gitimit\u00e9 locale exige donc davantage qu\u2019une simple comp\u00e9tence juridique ; elle requiert que la communaut\u00e9 per\u00e7oive, dans l\u2019action des institutions, une volont\u00e9 reconnaissable de combattre r\u00e9ellement les abus sans entraver inutilement la participation \u00e9conomique et sociale l\u00e9gitime.<\/p><p data-start=\"11775\" data-end=\"13345\">Dans cette perspective, le r\u00e9tablissement de la confiance institutionnelle n\u2019est pas une activit\u00e9 p\u00e9riph\u00e9rique de communication, mais une condition strat\u00e9gique centrale d\u2019un syst\u00e8me d\u2019int\u00e9grit\u00e9 fonctionnel. Lorsque les citoyens s\u2019attendent \u00e0 ce que les signalements ne produisent aucun effet, que les proc\u00e9dures demeurent incompr\u00e9hensibles, que des transactions atypiques suscitent automatiquement la suspicion ou que des situations de vuln\u00e9rabilit\u00e9 soient trait\u00e9es uniquement comme des probl\u00e8mes de conformit\u00e9, la volont\u00e9 de rester \u00e0 l\u2019int\u00e9rieur de l\u2019ordre formel s\u2019affaiblit. Les voies alternatives, les circuits informels et les solutions relationnelles deviennent alors plus attractifs, y compris lorsqu\u2019ils accroissent les risques d\u2019abus. Une approche Whole-of-Community exige donc que les institutions, les autorit\u00e9s de contr\u00f4le et les acteurs publics ne se demandent pas seulement si les r\u00e8gles sont suffisamment strictes, mais aussi si les processus fonctionnent, dans l\u2019exp\u00e9rience des citoyens et des communaut\u00e9s, comme justes et suivables. Cela implique des motivations compr\u00e9hensibles des d\u00e9cisions, des points de contact humains l\u00e0 o\u00f9 les proc\u00e9dures standard atteignent leurs limites, de la retenue dans l\u2019usage des caract\u00e9ristiques communautaires comme marqueurs implicites de risque, ainsi qu\u2019une volont\u00e9 visible de distinguer entre des comportements l\u00e9gitimement atypiques et de v\u00e9ritables menaces pour l\u2019int\u00e9grit\u00e9. La confiance ne se r\u00e9tablit pas par une r\u00e9assurance abstraite, mais par des exp\u00e9riences r\u00e9p\u00e9t\u00e9es d\u2019\u00e9quit\u00e9, d\u2019accessibilit\u00e9 et de fiabilit\u00e9.<\/p><p data-start=\"13347\" data-end=\"14690\">La l\u00e9gitimit\u00e9 locale acquiert ainsi une double fonction dans le cadre de la gestion int\u00e9gr\u00e9e des risques de criminalit\u00e9 financi\u00e8re. D\u2019une part, elle accro\u00eet la probabilit\u00e9 que les citoyens, les organisations de la soci\u00e9t\u00e9 civile et les professionnels locaux soient dispos\u00e9s \u00e0 partager des signaux, \u00e0 coop\u00e9rer et \u00e0 utiliser les voies formelles. D\u2019autre part, elle r\u00e9duit l\u2019espace social dans lequel des acteurs malveillants peuvent tirer profit de l\u2019ali\u00e9nation institutionnelle. L\u00e0 o\u00f9 la confiance envers les institutions est faible, les abuseurs peuvent plus facilement se pr\u00e9senter comme des interm\u00e9diaires plus efficaces, plus loyaux ou plus compr\u00e9hensibles que les structures formelles. Ils alimentent le r\u00e9cit selon lequel les canaux officiels ne font qu\u2019entraver, condamner ou compliquer, et pr\u00e9sentent leurs propres solutions informelles comme l\u2019alternative la plus r\u00e9aliste. Un syst\u00e8me localement l\u00e9gitime rompt cette dynamique en rendant visible que la protection ne se trouve pas \u00e0 la marge, mais au sein m\u00eame de l\u2019ordre formel. Ainsi, le r\u00e9tablissement de la confiance institutionnelle devient une composante int\u00e9grale de la gouvernance de l\u2019int\u00e9grit\u00e9 financi\u00e8re. Il ne s\u2019agit pas d\u2019un compl\u00e9ment souple \u00e0 des syst\u00e8mes rigides, mais de l\u2019une des conditions permettant \u00e0 ces syst\u00e8mes d\u2019acc\u00e9der \u00e0 la r\u00e9alit\u00e9 qu\u2019ils pr\u00e9tendent prot\u00e9ger.<\/p><h4 data-start=\"14692\" data-end=\"14759\">Whole of Community comme approfondissement de Whole of Society<\/h4><p data-start=\"14761\" data-end=\"16309\">Whole of Community peut \u00eatre compris comme un approfondissement et une concr\u00e9tisation du paradigme plus large de Whole of Society, en ce sens que le principe g\u00e9n\u00e9ral de l\u2019implication sociale est traduit dans les espaces sociaux sp\u00e9cifiques au sein desquels la subversion \u00e9conomico-financi\u00e8re se manifeste sous des formes quotidiennes, relationnelles et localement enracin\u00e9es. Whole of Society souligne que la protection de l\u2019int\u00e9grit\u00e9 sociale n\u2019est pas uniquement une t\u00e2che de l\u2019\u00c9tat, des autorit\u00e9s de contr\u00f4le ou du secteur financier, mais qu\u2019elle exige un effort plus large dans lequel les acteurs publics et priv\u00e9s, les organisations de la soci\u00e9t\u00e9 civile et les citoyens ont tous un r\u00f4le \u00e0 jouer. Cette id\u00e9e est d\u2019une importance normative et institutionnelle consid\u00e9rable, mais elle demeure \u00e0 un certain niveau d\u2019abstraction tant qu\u2019elle n\u2019est pas pr\u00e9cis\u00e9e quant au lieu, aux modalit\u00e9s et aux conditions de cette implication sociale. Whole of Community apporte pr\u00e9cis\u00e9ment cette pr\u00e9cision. Il montre que \u00ab la soci\u00e9t\u00e9 \u00bb n\u2019agit pas comme un ensemble homog\u00e8ne ou centralement op\u00e9rant, mais qu\u2019elle est compos\u00e9e de communaut\u00e9s concr\u00e8tes, de r\u00e9seaux, de cadres locaux et d\u2019environnements relationnels dans lesquels se forment des normes, se produisent des vuln\u00e9rabilit\u00e9s, \u00e9mergent des signaux et s\u2019\u00e9prouvent des loyaut\u00e9s. Le passage de Whole of Society \u00e0 Whole of Community n\u2019est donc pas un simple raffinement s\u00e9mantique, mais une densification substantielle du lieu o\u00f9 les questions d\u2019int\u00e9grit\u00e9 financi\u00e8re prennent effectivement leur forme sociale.<\/p><p data-start=\"16311\" data-end=\"17915\">Cet approfondissement rev\u00eat une importance particuli\u00e8re pour la gestion int\u00e9gr\u00e9e des risques de criminalit\u00e9 financi\u00e8re, parce que de nombreuses formes de criminalit\u00e9 \u00e9conomico-financi\u00e8re ne s\u2019appuient pas seulement sur des faiblesses structurelles des syst\u00e8mes, mais \u00e9galement sur la proximit\u00e9 sociale, l\u2019ambigu\u00eft\u00e9 morale et des formes de l\u00e9gitimation localement enracin\u00e9es. Un discours soci\u00e9tal g\u00e9n\u00e9ral sur la responsabilit\u00e9 partag\u00e9e demeure insuffisant lorsqu\u2019il ne reconna\u00eet pas que certaines communaut\u00e9s sont expos\u00e9es de mani\u00e8re disproportionn\u00e9e au recrutement, \u00e0 l\u2019exploitation, \u00e0 l\u2019usage abusif de comptes, aux pressions informelles ou \u00e0 la normalisation de flux financiers opaques. Whole of Community rend visible que la r\u00e9silience sociale n\u2019est pas un bien national abstrait, mais quelque chose d\u2019in\u00e9galement r\u00e9parti, d\u00e9termin\u00e9 par le contexte et d\u00e9pendant de la qualit\u00e9 des institutions locales, de la coh\u00e9sion sociale, des perspectives \u00e9conomiques et de la l\u00e9gitimit\u00e9 des structures formelles. L\u00e0 o\u00f9 Whole of Society offre le cadre d\u2019une implication large, Whole of Community montre clairement qu\u2019une protection significative ne na\u00eet que lorsque cette implication est organis\u00e9e au niveau du monde v\u00e9cu. Cela permet \u00e9galement d\u2019\u00e9viter que la responsabilit\u00e9 sociale ne se dissolve dans un appel g\u00e9n\u00e9ral d\u00e9pourvu de traduction institutionnelle. Dans une approche Whole-of-Community, la question de la responsabilit\u00e9 re\u00e7oit une adresse concr\u00e8te dans les quartiers, les \u00e9coles, les structures de soin, les associations professionnelles, les r\u00e9seaux religieux et les pratiques locales de gouvernance.<\/p><p data-start=\"17917\" data-end=\"19453\">En m\u00eame temps, il convient de veiller avec une grande rigueur \u00e0 ce que l\u2019approfondissement de Whole of Society vers Whole of Community ne d\u00e9g\u00e9n\u00e8re pas en une d\u00e9centralisation implicite de la responsabilit\u00e9 de l\u2019\u00c9tat ni en la suggestion que les communaut\u00e9s elles-m\u00eames devraient assumer la responsabilit\u00e9 premi\u00e8re du contr\u00f4le de la criminalit\u00e9 \u00e9conomico-financi\u00e8re. Cet \u00e9cueil est r\u00e9el lorsque l\u2019appel \u00e0 la force communautaire est utilis\u00e9 comme substitut \u00e0 des investissements structurels dans la supervision, l\u2019application du droit, l\u2019assistance et l\u2019accessibilit\u00e9 des services publics. Une approche juridiquement et administrativement m\u00fbre reconna\u00eet donc que Whole of Community n\u2019implique pas un transfert de devoirs, mais un affinage de la mani\u00e8re dont la responsabilit\u00e9 publique et institutionnelle est exerc\u00e9e. La communaut\u00e9 ne fonctionne pas comme un substitut \u00e0 l\u2019autorit\u00e9 r\u00e9pressive, mais comme l\u2019espace social dans lequel les architectures de protection doivent produire leurs effets. Whole of Society demeure le cadre normatif global \u00e0 l\u2019int\u00e9rieur duquel tous les acteurs pertinents exercent un r\u00f4le ; Whole of Community pr\u00e9cise l\u2019endroit o\u00f9 la question de l\u2019int\u00e9grit\u00e9 se concentre socialement et la mani\u00e8re dont l\u2019implication doit \u00eatre organis\u00e9e sous des formes concr\u00e8tes et localement op\u00e9rantes. \u00c0 cet \u00e9gard, Whole of Community renforce le paradigme plus large en le rendant moins abstrait, moins d\u00e9claratoire et consid\u00e9rablement plus op\u00e9rationnel pour la r\u00e9alit\u00e9 de la gestion int\u00e9gr\u00e9e des risques de criminalit\u00e9 financi\u00e8re.<\/p><h4 data-start=\"19455\" data-end=\"19576\">La gestion int\u00e9gr\u00e9e des risques de criminalit\u00e9 financi\u00e8re en lien avec le monde v\u00e9cu des citoyens et des communaut\u00e9s<\/h4><p data-start=\"19578\" data-end=\"21358\">La gestion int\u00e9gr\u00e9e des risques de criminalit\u00e9 financi\u00e8re en lien avec le monde v\u00e9cu des citoyens et des communaut\u00e9s exige une r\u00e9orientation fondamentale de la mani\u00e8re dont sont pens\u00e9s le risque, la protection et l\u2019efficacit\u00e9 institutionnelle. Dans ce contexte, le monde v\u00e9cu n\u2019est pas un environnement sociologique secondaire du syst\u00e8me formel, mais le contexte quotidien dans lequel les personnes prennent des d\u00e9cisions financi\u00e8res, \u00e9prouvent des rapports de d\u00e9pendance, \u00e9valuent des informations, interpr\u00e8tent des risques et entrent en contact avec des acteurs \u00e9conomiques \u00e0 la fois l\u00e9gitimes et malveillants. Au sein de ce monde v\u00e9cu, les r\u00e8gles ne sont pas \u00e9prouv\u00e9es comme des normes abstraites, mais comme des proc\u00e9dures accessibles ou inaccessibles, comme des interactions aidantes ou m\u00e9fiantes, comme une protection ou comme un obstacle. Lorsque la gestion int\u00e9gr\u00e9e des risques de criminalit\u00e9 financi\u00e8re ne se relie pas \u00e0 cette r\u00e9alit\u00e9 d\u2019exp\u00e9rience, une distance structurelle se cr\u00e9e entre l\u2019architecture formelle de la gouvernance de l\u2019int\u00e9grit\u00e9 et les conditions sociales dans lesquelles les abus financiers se d\u00e9veloppent. Cette distance augmente le risque que des mesures bien intentionn\u00e9es manquent la r\u00e9alit\u00e9 pratique, que les citoyens de bonne foi ne se reconnaissent pas dans la logique protectrice du syst\u00e8me et que des acteurs malveillants obtiennent l\u2019espace n\u00e9cessaire pour se pr\u00e9senter comme des alternatives plus compr\u00e9hensibles ou plus efficaces. Se relier au monde v\u00e9cu signifie donc que la gouvernance de l\u2019int\u00e9grit\u00e9 doit \u00eatre con\u00e7ue non seulement du point de vue de la rationalit\u00e9 institutionnelle, mais aussi \u00e0 partir de la question de savoir comment la protection, le signalement et la normativit\u00e9 prennent effectivement racine dans la vie quotidienne.<\/p><p data-start=\"21360\" data-end=\"22995\">Cela suppose une forme de sensibilit\u00e9 institutionnelle qui d\u00e9passe l\u2019orientation client ou la communication publique au sens \u00e9troit. Un syst\u00e8me qui entend se relier au monde v\u00e9cu des citoyens et des communaut\u00e9s doit prendre en consid\u00e9ration la ma\u00eetrise de la langue, les comp\u00e9tences num\u00e9riques, les cadres culturels d\u2019interpr\u00e9tation, l\u2019ins\u00e9curit\u00e9 \u00e9conomique, la honte li\u00e9e \u00e0 l\u2019endettement, les d\u00e9pendances au sein des syst\u00e8mes familiaux, l\u2019accessibilit\u00e9 effective de l\u2019aide et les diverses mani\u00e8res dont la confiance se construit ou se d\u00e9t\u00e9riore. Dans certains contextes, cela signifiera que les avertissements et les voies de protection seront plus efficaces lorsqu\u2019ils passeront par les \u00e9coles, les \u00e9quipes de quartier ou les organisations de la soci\u00e9t\u00e9 civile plut\u00f4t que par les seules institutions formelles. Dans d\u2019autres contextes, cela signifiera que les proc\u00e9dures standard de v\u00e9rification, de documentation ou de signalement doivent \u00eatre mieux expliqu\u00e9es ou, lorsque cela est n\u00e9cessaire, accompagn\u00e9es d\u2019un soutien humain, afin d\u2019\u00e9viter que des usagers l\u00e9gitimes ne soient repouss\u00e9s hors de l\u2019ordre formel. Le lien avec le monde v\u00e9cu n\u2019implique en aucune mani\u00e8re que les exigences normatives doivent \u00eatre assouplies ou que les standards d\u2019int\u00e9grit\u00e9 devraient devenir d\u00e9pendants du contexte. Il signifie que la mani\u00e8re dont ces standards sont appliqu\u00e9s, communiqu\u00e9s et int\u00e9gr\u00e9s tient compte de la r\u00e9alit\u00e9 sociale dans laquelle doivent s\u2019op\u00e9rer la conformit\u00e9, le signalement et la protection. Ce n\u2019est qu\u2019\u00e0 ces conditions que la gestion int\u00e9gr\u00e9e des risques de criminalit\u00e9 financi\u00e8re peut v\u00e9ritablement \u00eatre qualifi\u00e9e d\u2019int\u00e9gr\u00e9e.<\/p><p data-start=\"22997\" data-end=\"24781\" data-is-last-node=\"\" data-is-only-node=\"\">Dans sa forme la plus d\u00e9velopp\u00e9e, cette approche conduit \u00e0 une architecture de l\u2019int\u00e9grit\u00e9 dans laquelle la d\u00e9tection formelle, l\u2019application des normes juridiques, le signalement local, la protection sociale et la l\u00e9gitimit\u00e9 relationnelle ne coexistent pas comme des champs d\u2019action distincts, mais fonctionnent comme des composantes coh\u00e9rentes d\u2019un seul ordre de protection. Au sein d\u2019un tel ordre, il est reconnu qu\u2019une transaction suspecte n\u2019est qu\u2019une manifestation d\u2019un processus plus large qui commence souvent par une influence sociale, une pression \u00e9conomique, une d\u00e9pendance relationnelle ou la normalisation graduelle des abus. Il est \u00e9galement reconnu que l\u2019efficacit\u00e9 durable ne se mesure pas seulement au nombre de signalements, d\u2019interventions ou de sanctions, mais aussi \u00e0 la mesure dans laquelle les communaut\u00e9s deviennent moins vuln\u00e9rables \u00e0 la manipulation, les personnes fragiles trouvent plus t\u00f4t une protection et les citoyens de bonne foi font l\u2019exp\u00e9rience du syst\u00e8me formel comme d\u2019un renforcement plut\u00f4t que d\u2019un affaiblissement de leur position. La gestion int\u00e9gr\u00e9e des risques de criminalit\u00e9 financi\u00e8re en lien avec le monde v\u00e9cu des citoyens et des communaut\u00e9s n\u2019est donc pas une variante plus douce de la supervision financi\u00e8re, mais une forme plus profonde et administrativement plus m\u00fbre de celle-ci. Elle associe la fermet\u00e9 de la normativit\u00e9 \u00e0 la finesse de la r\u00e9alit\u00e9 sociale et rend visible que l\u2019int\u00e9grit\u00e9 financi\u00e8re ne peut \u00eatre prot\u00e9g\u00e9e durablement que lorsque le syst\u00e8me est pr\u00e9sent l\u00e0 o\u00f9 les abus se pr\u00e9parent : non seulement dans les institutions et les structures juridiques, mais dans l\u2019environnement quotidien o\u00f9 la confiance est accord\u00e9e, o\u00f9 la loyaut\u00e9 est exig\u00e9e, o\u00f9 la vuln\u00e9rabilit\u00e9 est exploit\u00e9e et o\u00f9 la r\u00e9sistance doit pouvoir \u00e9merger.<\/p><\/div><\/div><\/div><\/div><\/div><\/div><\/div><\/div><\/div><\/div><\/div><\/div><\/div><\/div><\/div><\/div><\/div><\/div><p><!-- \/wp:paragraph --><\/p>\t\t\t\t\t\t\t\t<\/div>\n\t\t\t\t<\/div>\n\t\t\t\t\t<\/div>\n\t\t<\/div>\n\t\t\t\t\t<\/div>\n\t\t<\/section>\n\t\t\t\t<section class=\"elementor-section elementor-top-section elementor-element elementor-element-9c3407c elementor-section-boxed elementor-section-height-default elementor-section-height-default\" data-id=\"9c3407c\" data-element_type=\"section\" data-e-type=\"section\">\n\t\t\t\t\t\t<div class=\"elementor-container elementor-column-gap-default\">\n\t\t\t\t\t<div class=\"elementor-column elementor-col-100 elementor-top-column elementor-element elementor-element-cd45655\" data-id=\"cd45655\" data-element_type=\"column\" data-e-type=\"column\">\n\t\t\t<div class=\"elementor-widget-wrap elementor-element-populated\">\n\t\t\t\t\t\t<div class=\"elementor-element elementor-element-23c8b30 elementor-widget elementor-widget-spacer\" data-id=\"23c8b30\" data-element_type=\"widget\" data-e-type=\"widget\" data-widget_type=\"spacer.default\">\n\t\t\t\t<div class=\"elementor-widget-container\">\n\t\t\t\t\t\t\t<div class=\"elementor-spacer\">\n\t\t\t<div class=\"elementor-spacer-inner\"><\/div>\n\t\t<\/div>\n\t\t\t\t\t\t<\/div>\n\t\t\t\t<\/div>\n\t\t\t\t\t<\/div>\n\t\t<\/div>\n\t\t\t\t\t<\/div>\n\t\t<\/section>\n\t\t\t\t<section class=\"elementor-section elementor-top-section elementor-element elementor-element-d6ee622 elementor-section-boxed elementor-section-height-default elementor-section-height-default\" data-id=\"d6ee622\" data-element_type=\"section\" data-e-type=\"section\">\n\t\t\t\t\t\t<div class=\"elementor-container elementor-column-gap-default\">\n\t\t\t\t\t<div class=\"elementor-column elementor-col-100 elementor-top-column elementor-element elementor-element-9dcc42d\" data-id=\"9dcc42d\" data-element_type=\"column\" data-e-type=\"column\">\n\t\t\t<div class=\"elementor-widget-wrap elementor-element-populated\">\n\t\t\t\t\t\t<div class=\"elementor-element elementor-element-d786e25 elementor-widget elementor-widget-heading\" data-id=\"d786e25\" data-element_type=\"widget\" data-e-type=\"widget\" data-widget_type=\"heading.default\">\n\t\t\t\t<div class=\"elementor-widget-container\">\n\t\t\t\t\t\n<div class=\"fox-heading heading-line-double align-left\">\n\n\n<div class=\"heading-section heading-title\">\n\n    <h2 class=\"heading-title-main size-supertiny\">R\u00f4le de l\u2019avocat<span class=\"line line-left\"><\/span><span class=\"line line-right\"><\/span><\/h2>    \n<\/div><!-- .heading-title -->\n\n\n<\/div><!-- .fox-heading -->\t\t\t\t<\/div>\n\t\t\t\t<\/div>\n\t\t\t\t\t<\/div>\n\t\t<\/div>\n\t\t\t\t\t<\/div>\n\t\t<\/section>\n\t\t\t\t<section class=\"elementor-section elementor-top-section elementor-element elementor-element-2d23f5b elementor-section-boxed elementor-section-height-default elementor-section-height-default\" data-id=\"2d23f5b\" data-element_type=\"section\" data-e-type=\"section\">\n\t\t\t\t\t\t<div class=\"elementor-container elementor-column-gap-default\">\n\t\t\t\t\t<div class=\"elementor-column elementor-col-100 elementor-top-column elementor-element elementor-element-3cf8d78\" data-id=\"3cf8d78\" data-element_type=\"column\" data-e-type=\"column\">\n\t\t\t<div class=\"elementor-widget-wrap elementor-element-populated\">\n\t\t\t\t\t\t<div class=\"elementor-element elementor-element-8a3008b elementor-widget elementor-widget-post-grid\" data-id=\"8a3008b\" data-element_type=\"widget\" data-e-type=\"widget\" data-widget_type=\"post-grid.default\">\n\t\t\t\t<div class=\"elementor-widget-container\">\n\t\t\t\t\t\r\n\r\n<div class=\"blog-container blog-container-grid\">\r\n    \r\n    <div class=\"wi-blog fox-blog blog-grid fox-grid blog-card-has-shadow blog-card-normal column-3 spacing-normal\">\r\n    \r\n    \n<article class=\"wi-post post-item post-grid fox-grid-item post-align- post--thumbnail-before post-5781 post type-post status-publish format-standard has-post-thumbnail hentry category-role-et-les-missions-avocat\" itemscope itemtype=\"https:\/\/schema.org\/CreativeWork\">\n\n    <div class=\"post-item-inner grid-inner post-grid-inner\">\n        \n                \n        \n<div class=\"post-body post-item-body grid-body post-grid-body\">\n\n    <div class=\"post-body-inner\">\n\n        <div class=\"post-item-header\">\r\n<h2 class=\"post-item-title wi-post-title fox-post-title post-header-section size-tiny\" itemprop=\"headline\">\r\n    <a href=\"https:\/\/vanleeuwenlawfirm.eu\/fr\/a-propos\/role-et-les-missions-avocat\/prevention\/\" rel=\"bookmark\">        \r\n        Pr\u00e9vention\r\n    <\/a>\r\n<\/h2><\/div>\n    <\/div>\n\n<\/div><!-- .post-item-body -->\n\n\n        \n    <\/div><!-- .post-item-inner -->\n\n<\/article><!-- .post-item -->\n<article class=\"wi-post post-item post-grid fox-grid-item post-align- post--thumbnail-before post-5784 post type-post status-publish format-standard has-post-thumbnail hentry category-role-et-les-missions-avocat\" itemscope itemtype=\"https:\/\/schema.org\/CreativeWork\">\n\n    <div class=\"post-item-inner grid-inner post-grid-inner\">\n        \n                \n        \n<div class=\"post-body post-item-body grid-body post-grid-body\">\n\n    <div class=\"post-body-inner\">\n\n        <div class=\"post-item-header\">\r\n<h2 class=\"post-item-title wi-post-title fox-post-title post-header-section size-tiny\" itemprop=\"headline\">\r\n    <a href=\"https:\/\/vanleeuwenlawfirm.eu\/fr\/a-propos\/role-et-les-missions-avocat\/detection\/\" rel=\"bookmark\">        \r\n        D\u00e9tection\r\n    <\/a>\r\n<\/h2><\/div>\n    <\/div>\n\n<\/div><!-- .post-item-body -->\n\n\n        \n    <\/div><!-- .post-item-inner -->\n\n<\/article><!-- .post-item -->\n<article class=\"wi-post post-item post-grid fox-grid-item post-align- post--thumbnail-before post-5786 post type-post status-publish format-standard has-post-thumbnail hentry category-role-et-les-missions-avocat\" itemscope itemtype=\"https:\/\/schema.org\/CreativeWork\">\n\n    <div class=\"post-item-inner grid-inner post-grid-inner\">\n        \n                \n        \n<div class=\"post-body post-item-body grid-body post-grid-body\">\n\n    <div class=\"post-body-inner\">\n\n        <div class=\"post-item-header\">\r\n<h2 class=\"post-item-title wi-post-title fox-post-title post-header-section size-tiny\" itemprop=\"headline\">\r\n    <a href=\"https:\/\/vanleeuwenlawfirm.eu\/fr\/a-propos\/role-et-les-missions-avocat\/enquete\/\" rel=\"bookmark\">        \r\n        Enqu\u00eate\r\n    <\/a>\r\n<\/h2><\/div>\n    <\/div>\n\n<\/div><!-- .post-item-body -->\n\n\n        \n    <\/div><!-- .post-item-inner -->\n\n<\/article><!-- .post-item -->\n<article class=\"wi-post post-item post-grid fox-grid-item post-align- post--thumbnail-before post-5788 post type-post status-publish format-standard has-post-thumbnail hentry category-role-et-les-missions-avocat\" itemscope itemtype=\"https:\/\/schema.org\/CreativeWork\">\n\n    <div class=\"post-item-inner grid-inner post-grid-inner\">\n        \n                \n        \n<div class=\"post-body post-item-body grid-body post-grid-body\">\n\n    <div class=\"post-body-inner\">\n\n        <div class=\"post-item-header\">\r\n<h2 class=\"post-item-title wi-post-title fox-post-title post-header-section size-tiny\" itemprop=\"headline\">\r\n    <a href=\"https:\/\/vanleeuwenlawfirm.eu\/fr\/a-propos\/role-et-les-missions-avocat\/reponse\/\" rel=\"bookmark\">        \r\n        R\u00e9ponse\r\n    <\/a>\r\n<\/h2><\/div>\n    <\/div>\n\n<\/div><!-- .post-item-body -->\n\n\n        \n    <\/div><!-- .post-item-inner -->\n\n<\/article><!-- .post-item -->\n<article class=\"wi-post post-item post-grid fox-grid-item post-align- post--thumbnail-before post-5790 post type-post status-publish format-standard has-post-thumbnail hentry category-role-et-les-missions-avocat\" itemscope itemtype=\"https:\/\/schema.org\/CreativeWork\">\n\n    <div class=\"post-item-inner grid-inner post-grid-inner\">\n        \n                \n        \n<div class=\"post-body post-item-body grid-body post-grid-body\">\n\n    <div class=\"post-body-inner\">\n\n        <div class=\"post-item-header\">\r\n<h2 class=\"post-item-title wi-post-title fox-post-title post-header-section size-tiny\" itemprop=\"headline\">\r\n    <a href=\"https:\/\/vanleeuwenlawfirm.eu\/fr\/a-propos\/role-et-les-missions-avocat\/conseil\/\" rel=\"bookmark\">        \r\n        Conseil\r\n    <\/a>\r\n<\/h2><\/div>\n    <\/div>\n\n<\/div><!-- .post-item-body -->\n\n\n        \n    <\/div><!-- .post-item-inner -->\n\n<\/article><!-- .post-item -->\n<article class=\"wi-post post-item post-grid fox-grid-item post-align- post--thumbnail-before post-21685 post type-post status-publish format-standard has-post-thumbnail hentry category-role-et-les-missions-avocat\" itemscope itemtype=\"https:\/\/schema.org\/CreativeWork\">\n\n    <div class=\"post-item-inner grid-inner post-grid-inner\">\n        \n                \n        \n<div class=\"post-body post-item-body grid-body post-grid-body\">\n\n    <div class=\"post-body-inner\">\n\n        <div class=\"post-item-header\">\r\n<h2 class=\"post-item-title wi-post-title fox-post-title post-header-section size-tiny\" itemprop=\"headline\">\r\n    <a href=\"https:\/\/vanleeuwenlawfirm.eu\/fr\/a-propos\/role-et-les-missions-avocat\/contentieux\/\" rel=\"bookmark\">        \r\n        Contentieux\r\n    <\/a>\r\n<\/h2><\/div>\n    <\/div>\n\n<\/div><!-- .post-item-body -->\n\n\n        \n    <\/div><!-- .post-item-inner -->\n\n<\/article><!-- .post-item -->\n<article class=\"wi-post post-item post-grid fox-grid-item post-align- post--thumbnail-before post-21690 post type-post status-publish format-standard has-post-thumbnail hentry category-role-et-les-missions-avocat\" itemscope itemtype=\"https:\/\/schema.org\/CreativeWork\">\n\n    <div class=\"post-item-inner grid-inner post-grid-inner\">\n        \n                \n        \n<div class=\"post-body post-item-body grid-body post-grid-body\">\n\n    <div class=\"post-body-inner\">\n\n        <div class=\"post-item-header\">\r\n<h2 class=\"post-item-title wi-post-title fox-post-title post-header-section size-tiny\" itemprop=\"headline\">\r\n    <a href=\"https:\/\/vanleeuwenlawfirm.eu\/fr\/a-propos\/role-et-les-missions-avocat\/negociation\/\" rel=\"bookmark\">        \r\n        N\u00e9gociation\r\n    <\/a>\r\n<\/h2><\/div>\n    <\/div>\n\n<\/div><!-- .post-item-body -->\n\n\n        \n    <\/div><!-- .post-item-inner -->\n\n<\/article><!-- .post-item -->        \r\n            \r\n    <\/div><!-- .fox-blog -->\r\n    \r\n        \r\n<\/div><!-- .fox-blog-container -->\r\n\r\n    \t\t\t\t<\/div>\n\t\t\t\t<\/div>\n\t\t\t\t\t<\/div>\n\t\t<\/div>\n\t\t\t\t\t<\/div>\n\t\t<\/section>\n\t\t\t\t<section class=\"elementor-section elementor-top-section elementor-element elementor-element-701e54b elementor-section-boxed elementor-section-height-default elementor-section-height-default\" data-id=\"701e54b\" data-element_type=\"section\" data-e-type=\"section\">\n\t\t\t\t\t\t<div class=\"elementor-container elementor-column-gap-default\">\n\t\t\t\t\t<div class=\"elementor-column elementor-col-100 elementor-top-column elementor-element elementor-element-7f13cdf\" data-id=\"7f13cdf\" data-element_type=\"column\" data-e-type=\"column\">\n\t\t\t<div class=\"elementor-widget-wrap elementor-element-populated\">\n\t\t\t\t\t\t<div class=\"elementor-element elementor-element-6b4570c elementor-widget elementor-widget-spacer\" data-id=\"6b4570c\" data-element_type=\"widget\" data-e-type=\"widget\" data-widget_type=\"spacer.default\">\n\t\t\t\t<div class=\"elementor-widget-container\">\n\t\t\t\t\t\t\t<div class=\"elementor-spacer\">\n\t\t\t<div class=\"elementor-spacer-inner\"><\/div>\n\t\t<\/div>\n\t\t\t\t\t\t<\/div>\n\t\t\t\t<\/div>\n\t\t\t\t\t<\/div>\n\t\t<\/div>\n\t\t\t\t\t<\/div>\n\t\t<\/section>\n\t\t\t\t<section class=\"elementor-section elementor-top-section elementor-element elementor-element-586ed5a elementor-section-boxed elementor-section-height-default elementor-section-height-default\" data-id=\"586ed5a\" data-element_type=\"section\" data-e-type=\"section\">\n\t\t\t\t\t\t<div class=\"elementor-container elementor-column-gap-default\">\n\t\t\t\t\t<div class=\"elementor-column elementor-col-100 elementor-top-column elementor-element elementor-element-faa2b0b\" data-id=\"faa2b0b\" data-element_type=\"column\" data-e-type=\"column\">\n\t\t\t<div class=\"elementor-widget-wrap elementor-element-populated\">\n\t\t\t\t\t\t<div class=\"elementor-element elementor-element-0abcff5 elementor-widget elementor-widget-heading\" data-id=\"0abcff5\" data-element_type=\"widget\" data-e-type=\"widget\" data-widget_type=\"heading.default\">\n\t\t\t\t<div class=\"elementor-widget-container\">\n\t\t\t\t\t\n<div class=\"fox-heading heading-line-double align-left\">\n\n\n<div class=\"heading-section heading-title\">\n\n    <h2 class=\"heading-title-main size-supertiny\">Domaines de Pratique<span class=\"line line-left\"><\/span><span class=\"line line-right\"><\/span><\/h2>    \n<\/div><!-- .heading-title -->\n\n\n<\/div><!-- .fox-heading -->\t\t\t\t<\/div>\n\t\t\t\t<\/div>\n\t\t\t\t\t<\/div>\n\t\t<\/div>\n\t\t\t\t\t<\/div>\n\t\t<\/section>\n\t\t\t\t<section class=\"elementor-section elementor-top-section elementor-element elementor-element-8f65f28 elementor-section-boxed elementor-section-height-default elementor-section-height-default\" data-id=\"8f65f28\" data-element_type=\"section\" data-e-type=\"section\">\n\t\t\t\t\t\t<div class=\"elementor-container elementor-column-gap-default\">\n\t\t\t\t\t<div class=\"elementor-column elementor-col-100 elementor-top-column elementor-element elementor-element-391e32a\" data-id=\"391e32a\" data-element_type=\"column\" data-e-type=\"column\">\n\t\t\t<div class=\"elementor-widget-wrap elementor-element-populated\">\n\t\t\t\t\t\t<div class=\"elementor-element elementor-element-29e4bd3 elementor-widget elementor-widget-post-grid\" data-id=\"29e4bd3\" data-element_type=\"widget\" data-e-type=\"widget\" data-widget_type=\"post-grid.default\">\n\t\t\t\t<div class=\"elementor-widget-container\">\n\t\t\t\t\t\r\n\r\n<div class=\"blog-container blog-container-grid\">\r\n    \r\n    <div class=\"wi-blog fox-blog blog-grid fox-grid blog-card-has-shadow blog-card-normal column-3 spacing-normal\">\r\n    \r\n    \n<article class=\"wi-post post-item post-grid fox-grid-item post-align- post--thumbnail-before post-747 post type-post status-publish format-standard has-post-thumbnail hentry category-domaines-de-pratique\" itemscope itemtype=\"https:\/\/schema.org\/CreativeWork\">\n\n    <div class=\"post-item-inner grid-inner post-grid-inner\">\n        \n                \n        \n<div class=\"post-body post-item-body grid-body post-grid-body\">\n\n    <div class=\"post-body-inner\">\n\n        <div class=\"post-item-header\">\r\n<h2 class=\"post-item-title wi-post-title fox-post-title post-header-section size-tiny\" itemprop=\"headline\">\r\n    <a href=\"https:\/\/vanleeuwenlawfirm.eu\/fr\/competences\/domaines-de-pratique\/droit-penal-controle-reglementaire-et-responsabilite-des-entreprises\/\" rel=\"bookmark\">        \r\n        Droit p\u00e9nal, contr\u00f4le r\u00e9glementaire et responsabilit\u00e9 des entreprises\r\n    <\/a>\r\n<\/h2><\/div>\n    <\/div>\n\n<\/div><!-- .post-item-body -->\n\n\n        \n    <\/div><!-- .post-item-inner -->\n\n<\/article><!-- .post-item -->\n<article class=\"wi-post post-item post-grid fox-grid-item post-align- post--thumbnail-before post-749 post type-post status-publish format-standard has-post-thumbnail hentry category-domaines-de-pratique\" itemscope itemtype=\"https:\/\/schema.org\/CreativeWork\">\n\n    <div class=\"post-item-inner grid-inner post-grid-inner\">\n        \n                \n        \n<div class=\"post-body post-item-body grid-body post-grid-body\">\n\n    <div class=\"post-body-inner\">\n\n        <div class=\"post-item-header\">\r\n<h2 class=\"post-item-title wi-post-title fox-post-title post-header-section size-tiny\" itemprop=\"headline\">\r\n    <a href=\"https:\/\/vanleeuwenlawfirm.eu\/fr\/competences\/domaines-de-pratique\/defense-et-enquetes-en-matiere-de-criminalite-en-col-blanc\/\" rel=\"bookmark\">        \r\n        D\u00e9fense et Enqu\u00eates en Mati\u00e8re de Criminalit\u00e9 en Col Blanc\r\n    <\/a>\r\n<\/h2><\/div>\n    <\/div>\n\n<\/div><!-- .post-item-body -->\n\n\n        \n    <\/div><!-- .post-item-inner -->\n\n<\/article><!-- .post-item -->\n<article class=\"wi-post post-item post-grid fox-grid-item post-align- post--thumbnail-before post-751 post type-post status-publish format-standard has-post-thumbnail hentry category-domaines-de-pratique\" itemscope itemtype=\"https:\/\/schema.org\/CreativeWork\">\n\n    <div class=\"post-item-inner grid-inner post-grid-inner\">\n        \n                \n        \n<div class=\"post-body post-item-body grid-body post-grid-body\">\n\n    <div class=\"post-body-inner\">\n\n        <div class=\"post-item-header\">\r\n<h2 class=\"post-item-title wi-post-title fox-post-title post-header-section size-tiny\" itemprop=\"headline\">\r\n    <a href=\"https:\/\/vanleeuwenlawfirm.eu\/fr\/competences\/domaines-de-pratique\/cybercriminalite-reponse-aux-incidents-et-risque-numerique\/\" rel=\"bookmark\">        \r\n        Cybercriminalit\u00e9, R\u00e9ponse aux incidents et Risque num\u00e9rique\r\n    <\/a>\r\n<\/h2><\/div>\n    <\/div>\n\n<\/div><!-- .post-item-body -->\n\n\n        \n    <\/div><!-- .post-item-inner -->\n\n<\/article><!-- .post-item -->\n<article class=\"wi-post post-item post-grid fox-grid-item post-align- post--thumbnail-before post-9212 post type-post status-publish format-standard has-post-thumbnail hentry category-domaines-de-pratique\" itemscope itemtype=\"https:\/\/schema.org\/CreativeWork\">\n\n    <div class=\"post-item-inner grid-inner post-grid-inner\">\n        \n                \n        \n<div class=\"post-body post-item-body grid-body post-grid-body\">\n\n    <div class=\"post-body-inner\">\n\n        <div class=\"post-item-header\">\r\n<h2 class=\"post-item-title wi-post-title fox-post-title post-header-section size-tiny\" itemprop=\"headline\">\r\n    <a href=\"https:\/\/vanleeuwenlawfirm.eu\/fr\/competences\/domaines-de-pratique\/crime-dhonneur\/\" rel=\"bookmark\">        \r\n        Att\u00e9nuation des risques li\u00e9s \u00e0 la confidentialit\u00e9, \u00e0 la gouvernance des donn\u00e9es et \u00e0 la cybers\u00e9curit\u00e9\r\n    <\/a>\r\n<\/h2><\/div>\n    <\/div>\n\n<\/div><!-- .post-item-body -->\n\n\n        \n    <\/div><!-- .post-item-inner -->\n\n<\/article><!-- .post-item -->\n<article class=\"wi-post post-item post-grid fox-grid-item post-align- post--thumbnail-before post-456 post type-post status-publish format-standard has-post-thumbnail hentry category-domaines-de-pratique\" itemscope itemtype=\"https:\/\/schema.org\/CreativeWork\">\n\n    <div class=\"post-item-inner grid-inner post-grid-inner\">\n        \n                \n        \n<div class=\"post-body post-item-body grid-body post-grid-body\">\n\n    <div class=\"post-body-inner\">\n\n        <div class=\"post-item-header\">\r\n<h2 class=\"post-item-title wi-post-title fox-post-title post-header-section size-tiny\" itemprop=\"headline\">\r\n    <a href=\"https:\/\/vanleeuwenlawfirm.eu\/fr\/competences\/domaines-de-pratique\/services-forensiques-et-enquetes-corporatives-complexes\/\" rel=\"bookmark\">        \r\n        Services Forensiques et Enqu\u00eates Corporatives Complexes\r\n    <\/a>\r\n<\/h2><\/div>\n    <\/div>\n\n<\/div><!-- .post-item-body -->\n\n\n        \n    <\/div><!-- .post-item-inner -->\n\n<\/article><!-- .post-item -->\n<article class=\"wi-post post-item post-grid fox-grid-item post-align- post--thumbnail-before post-5031 post type-post status-publish format-standard has-post-thumbnail hentry category-domaines-de-pratique\" itemscope itemtype=\"https:\/\/schema.org\/CreativeWork\">\n\n    <div class=\"post-item-inner grid-inner post-grid-inner\">\n        \n                \n        \n<div class=\"post-body post-item-body grid-body post-grid-body\">\n\n    <div class=\"post-body-inner\">\n\n        <div class=\"post-item-header\">\r\n<h2 class=\"post-item-title wi-post-title fox-post-title post-header-section size-tiny\" itemprop=\"headline\">\r\n    <a href=\"https:\/\/vanleeuwenlawfirm.eu\/fr\/competences\/domaines-de-pratique\/services-de-conseil-specialises-conseil-strategique-en-gestion-des-risques\/\" rel=\"bookmark\">        \r\n        Services de conseil sp\u00e9cialis\u00e9s &amp; Conseil strat\u00e9gique en gestion des risques\r\n    <\/a>\r\n<\/h2><\/div>\n    <\/div>\n\n<\/div><!-- .post-item-body -->\n\n\n        \n    <\/div><!-- .post-item-inner -->\n\n<\/article><!-- .post-item -->\n<article class=\"wi-post post-item post-grid fox-grid-item post-align- post--thumbnail-before post-5033 post type-post status-publish format-standard has-post-thumbnail hentry category-domaines-de-pratique\" itemscope itemtype=\"https:\/\/schema.org\/CreativeWork\">\n\n    <div class=\"post-item-inner grid-inner post-grid-inner\">\n        \n                \n        \n<div class=\"post-body post-item-body grid-body post-grid-body\">\n\n    <div class=\"post-body-inner\">\n\n        <div class=\"post-item-header\">\r\n<h2 class=\"post-item-title wi-post-title fox-post-title post-header-section size-tiny\" itemprop=\"headline\">\r\n    <a href=\"https:\/\/vanleeuwenlawfirm.eu\/fr\/competences\/domaines-de-pratique\/services-de-forensique-transactionnelle\/\" rel=\"bookmark\">        \r\n        Conseil en technologie, transformation num\u00e9rique et risques \u00e9mergents\r\n    <\/a>\r\n<\/h2><\/div>\n    <\/div>\n\n<\/div><!-- .post-item-body -->\n\n\n        \n    <\/div><!-- .post-item-inner -->\n\n<\/article><!-- .post-item -->\n<article class=\"wi-post post-item post-grid fox-grid-item post-align- post--thumbnail-before post-5035 post type-post status-publish format-standard has-post-thumbnail hentry category-domaines-de-pratique\" itemscope itemtype=\"https:\/\/schema.org\/CreativeWork\">\n\n    <div class=\"post-item-inner grid-inner post-grid-inner\">\n        \n                \n        \n<div class=\"post-body post-item-body grid-body post-grid-body\">\n\n    <div class=\"post-body-inner\">\n\n        <div class=\"post-item-header\">\r\n<h2 class=\"post-item-title wi-post-title fox-post-title post-header-section size-tiny\" itemprop=\"headline\">\r\n    <a href=\"https:\/\/vanleeuwenlawfirm.eu\/fr\/competences\/domaines-de-pratique\/criminalite-financiere-reglementation-fintech-et-strategie-dexecution-et-de-sanction\/\" rel=\"bookmark\">        \r\n        Criminalit\u00e9 financi\u00e8re, r\u00e9glementation FinTech et strat\u00e9gie d\u2019ex\u00e9cution et de sanction\r\n    <\/a>\r\n<\/h2><\/div>\n    <\/div>\n\n<\/div><!-- .post-item-body -->\n\n\n        \n    <\/div><!-- .post-item-inner -->\n\n<\/article><!-- .post-item -->\n<article class=\"wi-post post-item post-grid fox-grid-item post-align- post--thumbnail-before post-11631 post type-post status-publish format-standard has-post-thumbnail hentry category-domaines-de-pratique category-services\" itemscope itemtype=\"https:\/\/schema.org\/CreativeWork\">\n\n    <div class=\"post-item-inner grid-inner post-grid-inner\">\n        \n                \n        \n<div class=\"post-body post-item-body grid-body post-grid-body\">\n\n    <div class=\"post-body-inner\">\n\n        <div class=\"post-item-header\">\r\n<h2 class=\"post-item-title wi-post-title fox-post-title post-header-section size-tiny\" itemprop=\"headline\">\r\n    <a href=\"https:\/\/vanleeuwenlawfirm.eu\/fr\/competences\/domaines-de-pratique\/droit-penal-des-affaires-controle-reglementaire-et-responsabilite-des-entreprises\/\" rel=\"bookmark\">        \r\n        Gouvernance d\u2019entreprise, supervision \u00e9thique et gestion de la conformit\u00e9\r\n    <\/a>\r\n<\/h2><\/div>\n    <\/div>\n\n<\/div><!-- .post-item-body -->\n\n\n        \n    <\/div><!-- .post-item-inner -->\n\n<\/article><!-- .post-item -->\n<article class=\"wi-post post-item post-grid fox-grid-item post-align- post--thumbnail-before post-11635 post type-post status-publish format-standard has-post-thumbnail hentry category-domaines-de-pratique\" itemscope itemtype=\"https:\/\/schema.org\/CreativeWork\">\n\n    <div class=\"post-item-inner grid-inner post-grid-inner\">\n        \n                \n        \n<div class=\"post-body post-item-body grid-body post-grid-body\">\n\n    <div class=\"post-body-inner\">\n\n        <div class=\"post-item-header\">\r\n<h2 class=\"post-item-title wi-post-title fox-post-title post-header-section size-tiny\" itemprop=\"headline\">\r\n    <a href=\"https:\/\/vanleeuwenlawfirm.eu\/fr\/competences\/domaines-de-pratique\/conformite-esg-enquetes-gestion-des-risques-de-durabilite\/\" rel=\"bookmark\">        \r\n        Conformit\u00e9 ESG, enqu\u00eates &amp; gestion des risques de durabilit\u00e9\r\n    <\/a>\r\n<\/h2><\/div>\n    <\/div>\n\n<\/div><!-- .post-item-body -->\n\n\n        \n    <\/div><!-- .post-item-inner -->\n\n<\/article><!-- .post-item -->\n<article class=\"wi-post post-item post-grid fox-grid-item post-align- post--thumbnail-before post-11697 post type-post status-publish format-standard has-post-thumbnail hentry category-domaines-de-pratique\" itemscope itemtype=\"https:\/\/schema.org\/CreativeWork\">\n\n    <div class=\"post-item-inner grid-inner post-grid-inner\">\n        \n                \n        \n<div class=\"post-body post-item-body grid-body post-grid-body\">\n\n    <div class=\"post-body-inner\">\n\n        <div class=\"post-item-header\">\r\n<h2 class=\"post-item-title wi-post-title fox-post-title post-header-section size-tiny\" itemprop=\"headline\">\r\n    <a href=\"https:\/\/vanleeuwenlawfirm.eu\/fr\/competences\/domaines-de-pratique\/signalement-de-credit-vos-options-pour-contester-rectifier-ou-supprimer\/\" rel=\"bookmark\">        \r\n        Signalement de cr\u00e9dit \u2013 Vos options pour contester, rectifier ou supprimer\r\n    <\/a>\r\n<\/h2><\/div>\n    <\/div>\n\n<\/div><!-- .post-item-body -->\n\n\n        \n    <\/div><!-- .post-item-inner -->\n\n<\/article><!-- .post-item -->\n<article class=\"wi-post post-item post-grid fox-grid-item post-align- post--thumbnail-before post-11714 post type-post status-publish format-standard has-post-thumbnail hentry category-domaines-de-pratique\" itemscope itemtype=\"https:\/\/schema.org\/CreativeWork\">\n\n    <div class=\"post-item-inner grid-inner post-grid-inner\">\n        \n                \n        \n<div class=\"post-body post-item-body grid-body post-grid-body\">\n\n    <div class=\"post-body-inner\">\n\n        <div class=\"post-item-header\">\r\n<h2 class=\"post-item-title wi-post-title fox-post-title post-header-section size-tiny\" itemprop=\"headline\">\r\n    <a href=\"https:\/\/vanleeuwenlawfirm.eu\/fr\/competences\/domaines-de-pratique\/gestion-de-crises-et-des-problemes\/\" rel=\"bookmark\">        \r\n        Gestion de Crises et des Probl\u00e8mes\r\n    <\/a>\r\n<\/h2><\/div>\n    <\/div>\n\n<\/div><!-- .post-item-body -->\n\n\n        \n    <\/div><!-- .post-item-inner -->\n\n<\/article><!-- .post-item -->        \r\n            \r\n    <\/div><!-- .fox-blog -->\r\n    \r\n        \r\n<\/div><!-- .fox-blog-container -->\r\n\r\n    \t\t\t\t<\/div>\n\t\t\t\t<\/div>\n\t\t\t\t\t<\/div>\n\t\t<\/div>\n\t\t\t\t\t<\/div>\n\t\t<\/section>\n\t\t\t\t<section class=\"elementor-section elementor-top-section elementor-element elementor-element-6fb9aa7 elementor-section-boxed elementor-section-height-default elementor-section-height-default\" data-id=\"6fb9aa7\" data-element_type=\"section\" data-e-type=\"section\">\n\t\t\t\t\t\t<div class=\"elementor-container elementor-column-gap-default\">\n\t\t\t\t\t<div class=\"elementor-column elementor-col-100 elementor-top-column elementor-element elementor-element-3073553\" data-id=\"3073553\" data-element_type=\"column\" data-e-type=\"column\">\n\t\t\t<div class=\"elementor-widget-wrap elementor-element-populated\">\n\t\t\t\t\t\t<div class=\"elementor-element elementor-element-9e93a8e elementor-widget elementor-widget-spacer\" data-id=\"9e93a8e\" data-element_type=\"widget\" data-e-type=\"widget\" data-widget_type=\"spacer.default\">\n\t\t\t\t<div class=\"elementor-widget-container\">\n\t\t\t\t\t\t\t<div class=\"elementor-spacer\">\n\t\t\t<div class=\"elementor-spacer-inner\"><\/div>\n\t\t<\/div>\n\t\t\t\t\t\t<\/div>\n\t\t\t\t<\/div>\n\t\t\t\t\t<\/div>\n\t\t<\/div>\n\t\t\t\t\t<\/div>\n\t\t<\/section>\n\t\t\t\t<section class=\"elementor-section elementor-top-section elementor-element elementor-element-ed2b00a elementor-section-boxed elementor-section-height-default elementor-section-height-default\" data-id=\"ed2b00a\" data-element_type=\"section\" data-e-type=\"section\">\n\t\t\t\t\t\t<div class=\"elementor-container elementor-column-gap-default\">\n\t\t\t\t\t<div class=\"elementor-column elementor-col-100 elementor-top-column elementor-element elementor-element-052b9c8\" data-id=\"052b9c8\" data-element_type=\"column\" data-e-type=\"column\">\n\t\t\t<div class=\"elementor-widget-wrap elementor-element-populated\">\n\t\t\t\t\t\t<div class=\"elementor-element elementor-element-ce5fd64 elementor-widget elementor-widget-heading\" data-id=\"ce5fd64\" data-element_type=\"widget\" data-e-type=\"widget\" data-widget_type=\"heading.default\">\n\t\t\t\t<div class=\"elementor-widget-container\">\n\t\t\t\t\t\n<div class=\"fox-heading heading-line-double align-left\">\n\n\n<div class=\"heading-section heading-title\">\n\n    <h2 class=\"heading-title-main size-supertiny\">Secteurs d'activit\u00e9<span class=\"line line-left\"><\/span><span class=\"line line-right\"><\/span><\/h2>    \n<\/div><!-- .heading-title -->\n\n\n<\/div><!-- .fox-heading -->\t\t\t\t<\/div>\n\t\t\t\t<\/div>\n\t\t\t\t\t<\/div>\n\t\t<\/div>\n\t\t\t\t\t<\/div>\n\t\t<\/section>\n\t\t\t\t<section class=\"elementor-section elementor-top-section elementor-element elementor-element-4f0eac3 elementor-section-boxed elementor-section-height-default elementor-section-height-default\" data-id=\"4f0eac3\" data-element_type=\"section\" data-e-type=\"section\">\n\t\t\t\t\t\t<div class=\"elementor-container elementor-column-gap-default\">\n\t\t\t\t\t<div class=\"elementor-column elementor-col-100 elementor-top-column elementor-element elementor-element-386c7a8\" data-id=\"386c7a8\" data-element_type=\"column\" data-e-type=\"column\">\n\t\t\t<div class=\"elementor-widget-wrap elementor-element-populated\">\n\t\t\t\t\t\t<div class=\"elementor-element elementor-element-0d9f9cf elementor-widget elementor-widget-post-grid\" data-id=\"0d9f9cf\" data-element_type=\"widget\" data-e-type=\"widget\" data-widget_type=\"post-grid.default\">\n\t\t\t\t<div class=\"elementor-widget-container\">\n\t\t\t\t\t\r\n\r\n<div class=\"blog-container blog-container-grid\">\r\n    \r\n    <div class=\"wi-blog fox-blog blog-grid fox-grid blog-card-has-shadow blog-card-normal column-3 spacing-normal\">\r\n    \r\n    \n<article class=\"wi-post post-item post-grid fox-grid-item post-align- post--thumbnail-before post-1184 post type-post status-publish format-standard has-post-thumbnail hentry category-secteurs-dactivite\" itemscope itemtype=\"https:\/\/schema.org\/CreativeWork\">\n\n    <div class=\"post-item-inner grid-inner post-grid-inner\">\n        \n                \n        \n<div class=\"post-body post-item-body grid-body post-grid-body\">\n\n    <div class=\"post-body-inner\">\n\n        <div class=\"post-item-header\">\r\n<h2 class=\"post-item-title wi-post-title fox-post-title post-header-section size-tiny\" itemprop=\"headline\">\r\n    <a href=\"https:\/\/vanleeuwenlawfirm.eu\/fr\/competences\/secteurs-dactivite\/agriculture\/\" rel=\"bookmark\">        \r\n        Agriculture\r\n    <\/a>\r\n<\/h2><\/div>\n    <\/div>\n\n<\/div><!-- .post-item-body -->\n\n\n        \n    <\/div><!-- .post-item-inner -->\n\n<\/article><!-- .post-item -->\n<article class=\"wi-post post-item post-grid fox-grid-item post-align- post--thumbnail-before post-1191 post type-post status-publish format-standard has-post-thumbnail hentry category-solutions category-secteurs-dactivite\" itemscope itemtype=\"https:\/\/schema.org\/CreativeWork\">\n\n    <div class=\"post-item-inner grid-inner post-grid-inner\">\n        \n                \n        \n<div class=\"post-body post-item-body grid-body post-grid-body\">\n\n    <div class=\"post-body-inner\">\n\n        <div class=\"post-item-header\">\r\n<h2 class=\"post-item-title wi-post-title fox-post-title post-header-section size-tiny\" itemprop=\"headline\">\r\n    <a href=\"https:\/\/vanleeuwenlawfirm.eu\/fr\/competences\/secteurs-dactivite\/art-et-culture\/\" rel=\"bookmark\">        \r\n        Art et culture\r\n    <\/a>\r\n<\/h2><\/div>\n    <\/div>\n\n<\/div><!-- .post-item-body -->\n\n\n        \n    <\/div><!-- .post-item-inner -->\n\n<\/article><!-- .post-item -->\n<article class=\"wi-post post-item post-grid fox-grid-item post-align- post--thumbnail-before post-1199 post type-post status-publish format-standard has-post-thumbnail hentry category-secteurs-dactivite\" itemscope itemtype=\"https:\/\/schema.org\/CreativeWork\">\n\n    <div class=\"post-item-inner grid-inner post-grid-inner\">\n        \n                \n        \n<div class=\"post-body post-item-body grid-body post-grid-body\">\n\n    <div class=\"post-body-inner\">\n\n        <div class=\"post-item-header\">\r\n<h2 class=\"post-item-title wi-post-title fox-post-title post-header-section size-tiny\" itemprop=\"headline\">\r\n    <a href=\"https:\/\/vanleeuwenlawfirm.eu\/fr\/competences\/secteurs-dactivite\/industrie-automobile\/\" rel=\"bookmark\">        \r\n        Industrie automobile\r\n    <\/a>\r\n<\/h2><\/div>\n    <\/div>\n\n<\/div><!-- .post-item-body -->\n\n\n        \n    <\/div><!-- .post-item-inner -->\n\n<\/article><!-- .post-item -->\n<article class=\"wi-post post-item post-grid fox-grid-item post-align- post--thumbnail-before post-1211 post type-post status-publish format-standard has-post-thumbnail hentry category-secteurs-dactivite\" itemscope itemtype=\"https:\/\/schema.org\/CreativeWork\">\n\n    <div class=\"post-item-inner grid-inner post-grid-inner\">\n        \n                \n        \n<div class=\"post-body post-item-body grid-body post-grid-body\">\n\n    <div class=\"post-body-inner\">\n\n        <div class=\"post-item-header\">\r\n<h2 class=\"post-item-title wi-post-title fox-post-title post-header-section size-tiny\" itemprop=\"headline\">\r\n    <a href=\"https:\/\/vanleeuwenlawfirm.eu\/fr\/competences\/secteurs-dactivite\/aviation-aerospatiale-et-defense\/\" rel=\"bookmark\">        \r\n        Aviation, a\u00e9rospatiale et d\u00e9fense\r\n    <\/a>\r\n<\/h2><\/div>\n    <\/div>\n\n<\/div><!-- .post-item-body -->\n\n\n        \n    <\/div><!-- .post-item-inner -->\n\n<\/article><!-- .post-item -->\n<article class=\"wi-post post-item post-grid fox-grid-item post-align- post--thumbnail-before post-1217 post type-post status-publish format-standard has-post-thumbnail hentry category-solutions category-secteurs-dactivite\" itemscope itemtype=\"https:\/\/schema.org\/CreativeWork\">\n\n    <div class=\"post-item-inner grid-inner post-grid-inner\">\n        \n                \n        \n<div class=\"post-body post-item-body grid-body post-grid-body\">\n\n    <div class=\"post-body-inner\">\n\n        <div class=\"post-item-header\">\r\n<h2 class=\"post-item-title wi-post-title fox-post-title post-header-section size-tiny\" itemprop=\"headline\">\r\n    <a href=\"https:\/\/vanleeuwenlawfirm.eu\/fr\/competences\/secteurs-dactivite\/banques-institutions-financieres-et-fintech\/\" rel=\"bookmark\">        \r\n        Banques, institutions financi\u00e8res et fintech\r\n    <\/a>\r\n<\/h2><\/div>\n    <\/div>\n\n<\/div><!-- .post-item-body -->\n\n\n        \n    <\/div><!-- .post-item-inner -->\n\n<\/article><!-- .post-item -->\n<article class=\"wi-post post-item post-grid fox-grid-item post-align- post--thumbnail-before post-1224 post type-post status-publish format-standard has-post-thumbnail hentry category-solutions category-secteurs-dactivite\" itemscope itemtype=\"https:\/\/schema.org\/CreativeWork\">\n\n    <div class=\"post-item-inner grid-inner post-grid-inner\">\n        \n                \n        \n<div class=\"post-body post-item-body grid-body post-grid-body\">\n\n    <div class=\"post-body-inner\">\n\n        <div class=\"post-item-header\">\r\n<h2 class=\"post-item-title wi-post-title fox-post-title post-header-section size-tiny\" itemprop=\"headline\">\r\n    <a href=\"https:\/\/vanleeuwenlawfirm.eu\/fr\/competences\/secteurs-dactivite\/industrie-chimique\/\" rel=\"bookmark\">        \r\n        Industrie chimique\r\n    <\/a>\r\n<\/h2><\/div>\n    <\/div>\n\n<\/div><!-- .post-item-body -->\n\n\n        \n    <\/div><!-- .post-item-inner -->\n\n<\/article><!-- .post-item -->\n<article class=\"wi-post post-item post-grid fox-grid-item post-align- post--thumbnail-before post-1235 post type-post status-publish format-standard has-post-thumbnail hentry category-solutions category-secteurs-dactivite\" itemscope itemtype=\"https:\/\/schema.org\/CreativeWork\">\n\n    <div class=\"post-item-inner grid-inner post-grid-inner\">\n        \n                \n        \n<div class=\"post-body post-item-body grid-body post-grid-body\">\n\n    <div class=\"post-body-inner\">\n\n        <div class=\"post-item-header\">\r\n<h2 class=\"post-item-title wi-post-title fox-post-title post-header-section size-tiny\" itemprop=\"headline\">\r\n    <a href=\"https:\/\/vanleeuwenlawfirm.eu\/fr\/competences\/secteurs-dactivite\/societes-de-conseils-et-services-professionnels\/\" rel=\"bookmark\">        \r\n        Soci\u00e9t\u00e9s de conseils et services professionnels\r\n    <\/a>\r\n<\/h2><\/div>\n    <\/div>\n\n<\/div><!-- .post-item-body -->\n\n\n        \n    <\/div><!-- .post-item-inner -->\n\n<\/article><!-- .post-item -->\n<article class=\"wi-post post-item post-grid fox-grid-item post-align- post--thumbnail-before post-4467 post type-post status-publish format-standard has-post-thumbnail hentry category-secteurs-dactivite\" itemscope itemtype=\"https:\/\/schema.org\/CreativeWork\">\n\n    <div class=\"post-item-inner grid-inner post-grid-inner\">\n        \n                \n        \n<div class=\"post-body post-item-body grid-body post-grid-body\">\n\n    <div class=\"post-body-inner\">\n\n        <div class=\"post-item-header\">\r\n<h2 class=\"post-item-title wi-post-title fox-post-title post-header-section size-tiny\" itemprop=\"headline\">\r\n    <a href=\"https:\/\/vanleeuwenlawfirm.eu\/fr\/competences\/secteurs-dactivite\/biens-de-consommation-et-commerce-de-detail\/\" rel=\"bookmark\">        \r\n        Biens de consommation et commerce de d\u00e9tail\r\n    <\/a>\r\n<\/h2><\/div>\n    <\/div>\n\n<\/div><!-- .post-item-body -->\n\n\n        \n    <\/div><!-- .post-item-inner -->\n\n<\/article><!-- .post-item -->\n<article class=\"wi-post post-item post-grid fox-grid-item post-align- post--thumbnail-before post-4470 post type-post status-publish format-standard has-post-thumbnail hentry category-secteurs-dactivite\" itemscope itemtype=\"https:\/\/schema.org\/CreativeWork\">\n\n    <div class=\"post-item-inner grid-inner post-grid-inner\">\n        \n                \n        \n<div class=\"post-body post-item-body grid-body post-grid-body\">\n\n    <div class=\"post-body-inner\">\n\n        <div class=\"post-item-header\">\r\n<h2 class=\"post-item-title wi-post-title fox-post-title post-header-section size-tiny\" itemprop=\"headline\">\r\n    <a href=\"https:\/\/vanleeuwenlawfirm.eu\/fr\/competences\/secteurs-dactivite\/economie-digitale\/\" rel=\"bookmark\">        \r\n        \u00c9conomie digitale\r\n    <\/a>\r\n<\/h2><\/div>\n    <\/div>\n\n<\/div><!-- .post-item-body -->\n\n\n        \n    <\/div><!-- .post-item-inner -->\n\n<\/article><!-- .post-item -->\n<article class=\"wi-post post-item post-grid fox-grid-item post-align- post--thumbnail-before post-4476 post type-post status-publish format-standard has-post-thumbnail hentry category-secteurs-dactivite\" itemscope itemtype=\"https:\/\/schema.org\/CreativeWork\">\n\n    <div class=\"post-item-inner grid-inner post-grid-inner\">\n        \n                \n        \n<div class=\"post-body post-item-body grid-body post-grid-body\">\n\n    <div class=\"post-body-inner\">\n\n        <div class=\"post-item-header\">\r\n<h2 class=\"post-item-title wi-post-title fox-post-title post-header-section size-tiny\" itemprop=\"headline\">\r\n    <a href=\"https:\/\/vanleeuwenlawfirm.eu\/fr\/competences\/secteurs-dactivite\/energie-et-ressources-naturelles\/\" rel=\"bookmark\">        \r\n        \u00c9nergie et ressources naturelles\r\n    <\/a>\r\n<\/h2><\/div>\n    <\/div>\n\n<\/div><!-- .post-item-body -->\n\n\n        \n    <\/div><!-- .post-item-inner -->\n\n<\/article><!-- .post-item -->\n<article class=\"wi-post post-item post-grid fox-grid-item post-align- post--thumbnail-before post-4492 post type-post status-publish format-standard has-post-thumbnail hentry category-secteurs-dactivite\" itemscope itemtype=\"https:\/\/schema.org\/CreativeWork\">\n\n    <div class=\"post-item-inner grid-inner post-grid-inner\">\n        \n                \n        \n<div class=\"post-body post-item-body grid-body post-grid-body\">\n\n    <div class=\"post-body-inner\">\n\n        <div class=\"post-item-header\">\r\n<h2 class=\"post-item-title wi-post-title fox-post-title post-header-section size-tiny\" itemprop=\"headline\">\r\n    <a href=\"https:\/\/vanleeuwenlawfirm.eu\/fr\/competences\/secteurs-dactivite\/entreprises-familiales-et-gestion-de-patrimoine\/\" rel=\"bookmark\">        \r\n        Entreprises familiales et gestion de patrimoine\r\n    <\/a>\r\n<\/h2><\/div>\n    <\/div>\n\n<\/div><!-- .post-item-body -->\n\n\n        \n    <\/div><!-- .post-item-inner -->\n\n<\/article><!-- .post-item -->\n<article class=\"wi-post post-item post-grid fox-grid-item post-align- post--thumbnail-before post-4534 post type-post status-publish format-standard has-post-thumbnail hentry category-secteurs-dactivite\" itemscope itemtype=\"https:\/\/schema.org\/CreativeWork\">\n\n    <div class=\"post-item-inner grid-inner post-grid-inner\">\n        \n                \n        \n<div class=\"post-body post-item-body grid-body post-grid-body\">\n\n    <div class=\"post-body-inner\">\n\n        <div class=\"post-item-header\">\r\n<h2 class=\"post-item-title wi-post-title fox-post-title post-header-section size-tiny\" itemprop=\"headline\">\r\n    <a href=\"https:\/\/vanleeuwenlawfirm.eu\/fr\/competences\/secteurs-dactivite\/alimentation-et-boissons\/\" rel=\"bookmark\">        \r\n        Alimentation et boissons\r\n    <\/a>\r\n<\/h2><\/div>\n    <\/div>\n\n<\/div><!-- .post-item-body -->\n\n\n        \n    <\/div><!-- .post-item-inner -->\n\n<\/article><!-- .post-item -->\n<article class=\"wi-post post-item post-grid fox-grid-item post-align- post--thumbnail-before post-4563 post type-post status-publish format-standard has-post-thumbnail hentry category-secteurs-dactivite\" itemscope itemtype=\"https:\/\/schema.org\/CreativeWork\">\n\n    <div class=\"post-item-inner grid-inner post-grid-inner\">\n        \n                \n        \n<div class=\"post-body post-item-body grid-body post-grid-body\">\n\n    <div class=\"post-body-inner\">\n\n        <div class=\"post-item-header\">\r\n<h2 class=\"post-item-title wi-post-title fox-post-title post-header-section size-tiny\" itemprop=\"headline\">\r\n    <a href=\"https:\/\/vanleeuwenlawfirm.eu\/fr\/competences\/secteurs-dactivite\/entites-gouvernementales-et-secteur-public\/\" rel=\"bookmark\">        \r\n        Entit\u00e9s gouvernementales et secteur public\r\n    <\/a>\r\n<\/h2><\/div>\n    <\/div>\n\n<\/div><!-- .post-item-body -->\n\n\n        \n    <\/div><!-- .post-item-inner -->\n\n<\/article><!-- .post-item -->\n<article class=\"wi-post post-item post-grid fox-grid-item post-align- post--thumbnail-before post-12294 post type-post status-publish format-standard has-post-thumbnail hentry category-secteurs-dactivite\" itemscope itemtype=\"https:\/\/schema.org\/CreativeWork\">\n\n    <div class=\"post-item-inner grid-inner post-grid-inner\">\n        \n                \n        \n<div class=\"post-body post-item-body grid-body post-grid-body\">\n\n    <div class=\"post-body-inner\">\n\n        <div class=\"post-item-header\">\r\n<h2 class=\"post-item-title wi-post-title fox-post-title post-header-section size-tiny\" itemprop=\"headline\">\r\n    <a href=\"https:\/\/vanleeuwenlawfirm.eu\/fr\/competences\/secteurs-dactivite\/soins-de-sante-lifescience-et-produits-pharmaceutiques\/\" rel=\"bookmark\">        \r\n        Soins de sant\u00e9, lifescience et produits pharmaceutiques\r\n    <\/a>\r\n<\/h2><\/div>\n    <\/div>\n\n<\/div><!-- .post-item-body -->\n\n\n        \n    <\/div><!-- .post-item-inner -->\n\n<\/article><!-- .post-item -->\n<article class=\"wi-post post-item post-grid fox-grid-item post-align- post--thumbnail-before post-16376 post type-post status-publish format-standard has-post-thumbnail hentry category-secteurs-dactivite\" itemscope itemtype=\"https:\/\/schema.org\/CreativeWork\">\n\n    <div class=\"post-item-inner grid-inner post-grid-inner\">\n        \n                \n        \n<div class=\"post-body post-item-body grid-body post-grid-body\">\n\n    <div class=\"post-body-inner\">\n\n        <div class=\"post-item-header\">\r\n<h2 class=\"post-item-title wi-post-title fox-post-title post-header-section size-tiny\" itemprop=\"headline\">\r\n    <a href=\"https:\/\/vanleeuwenlawfirm.eu\/fr\/competences\/secteurs-dactivite\/hotels-restaurants-et-loisirs\/\" rel=\"bookmark\">        \r\n        H\u00f4tels, restaurants et loisirs\r\n    <\/a>\r\n<\/h2><\/div>\n    <\/div>\n\n<\/div><!-- .post-item-body -->\n\n\n        \n    <\/div><!-- .post-item-inner -->\n\n<\/article><!-- .post-item -->\n<article class=\"wi-post post-item post-grid fox-grid-item post-align- post--thumbnail-before post-16593 post type-post status-publish format-standard has-post-thumbnail hentry category-secteurs-dactivite\" itemscope itemtype=\"https:\/\/schema.org\/CreativeWork\">\n\n    <div class=\"post-item-inner grid-inner post-grid-inner\">\n        \n                \n        \n<div class=\"post-body post-item-body grid-body post-grid-body\">\n\n    <div class=\"post-body-inner\">\n\n        <div class=\"post-item-header\">\r\n<h2 class=\"post-item-title wi-post-title fox-post-title post-header-section size-tiny\" itemprop=\"headline\">\r\n    <a href=\"https:\/\/vanleeuwenlawfirm.eu\/fr\/competences\/secteurs-dactivite\/assurance\/\" rel=\"bookmark\">        \r\n        Assurance\r\n    <\/a>\r\n<\/h2><\/div>\n    <\/div>\n\n<\/div><!-- .post-item-body -->\n\n\n        \n    <\/div><!-- .post-item-inner -->\n\n<\/article><!-- .post-item -->\n<article class=\"wi-post post-item post-grid fox-grid-item post-align- post--thumbnail-before post-16617 post type-post status-publish format-standard has-post-thumbnail hentry category-secteurs-dactivite\" itemscope itemtype=\"https:\/\/schema.org\/CreativeWork\">\n\n    <div class=\"post-item-inner grid-inner post-grid-inner\">\n        \n                \n        \n<div class=\"post-body post-item-body grid-body post-grid-body\">\n\n    <div class=\"post-body-inner\">\n\n        <div class=\"post-item-header\">\r\n<h2 class=\"post-item-title wi-post-title fox-post-title post-header-section size-tiny\" itemprop=\"headline\">\r\n    <a href=\"https:\/\/vanleeuwenlawfirm.eu\/fr\/competences\/secteurs-dactivite\/medias-divertissement-et-sports\/\" rel=\"bookmark\">        \r\n        M\u00e9dias, divertissement et sports\r\n    <\/a>\r\n<\/h2><\/div>\n    <\/div>\n\n<\/div><!-- .post-item-body -->\n\n\n        \n    <\/div><!-- .post-item-inner -->\n\n<\/article><!-- .post-item -->\n<article class=\"wi-post post-item post-grid fox-grid-item post-align- post--thumbnail-before post-16661 post type-post status-publish format-standard has-post-thumbnail hentry category-secteurs-dactivite\" itemscope itemtype=\"https:\/\/schema.org\/CreativeWork\">\n\n    <div class=\"post-item-inner grid-inner post-grid-inner\">\n        \n                \n        \n<div class=\"post-body post-item-body grid-body post-grid-body\">\n\n    <div class=\"post-body-inner\">\n\n        <div class=\"post-item-header\">\r\n<h2 class=\"post-item-title wi-post-title fox-post-title post-header-section size-tiny\" itemprop=\"headline\">\r\n    <a href=\"https:\/\/vanleeuwenlawfirm.eu\/fr\/competences\/secteurs-dactivite\/capital-investissement-et-capital-risque\/\" rel=\"bookmark\">        \r\n        Capital-investissement et capital-risque\r\n    <\/a>\r\n<\/h2><\/div>\n    <\/div>\n\n<\/div><!-- .post-item-body -->\n\n\n        \n    <\/div><!-- .post-item-inner -->\n\n<\/article><!-- .post-item -->\n<article class=\"wi-post post-item post-grid fox-grid-item post-align- post--thumbnail-before post-16687 post type-post status-publish format-standard has-post-thumbnail hentry category-secteurs-dactivite\" itemscope itemtype=\"https:\/\/schema.org\/CreativeWork\">\n\n    <div class=\"post-item-inner grid-inner post-grid-inner\">\n        \n                \n        \n<div class=\"post-body post-item-body grid-body post-grid-body\">\n\n    <div class=\"post-body-inner\">\n\n        <div class=\"post-item-header\">\r\n<h2 class=\"post-item-title wi-post-title fox-post-title post-header-section size-tiny\" itemprop=\"headline\">\r\n    <a href=\"https:\/\/vanleeuwenlawfirm.eu\/fr\/competences\/secteurs-dactivite\/immobilier-et-construction\/\" rel=\"bookmark\">        \r\n        Immobilier et Construction\r\n    <\/a>\r\n<\/h2><\/div>\n    <\/div>\n\n<\/div><!-- .post-item-body -->\n\n\n        \n    <\/div><!-- .post-item-inner -->\n\n<\/article><!-- .post-item -->\n<article class=\"wi-post post-item post-grid fox-grid-item post-align- post--thumbnail-before post-4460 post type-post status-publish format-standard has-post-thumbnail hentry category-secteurs-dactivite\" itemscope itemtype=\"https:\/\/schema.org\/CreativeWork\">\n\n    <div class=\"post-item-inner grid-inner post-grid-inner\">\n        \n                \n        \n<div class=\"post-body post-item-body grid-body post-grid-body\">\n\n    <div class=\"post-body-inner\">\n\n        <div class=\"post-item-header\">\r\n<h2 class=\"post-item-title wi-post-title fox-post-title post-header-section size-tiny\" itemprop=\"headline\">\r\n    <a href=\"https:\/\/vanleeuwenlawfirm.eu\/fr\/competences\/secteurs-dactivite\/start-up-scale-up\/\" rel=\"bookmark\">        \r\n        Start-up &amp; scale-up\r\n    <\/a>\r\n<\/h2><\/div>\n    <\/div>\n\n<\/div><!-- .post-item-body -->\n\n\n        \n    <\/div><!-- .post-item-inner -->\n\n<\/article><!-- .post-item -->\n<article class=\"wi-post post-item post-grid fox-grid-item post-align- post--thumbnail-before post-16827 post type-post status-publish format-standard has-post-thumbnail hentry category-secteurs-dactivite\" itemscope itemtype=\"https:\/\/schema.org\/CreativeWork\">\n\n    <div class=\"post-item-inner grid-inner post-grid-inner\">\n        \n                \n        \n<div class=\"post-body post-item-body grid-body post-grid-body\">\n\n    <div class=\"post-body-inner\">\n\n        <div class=\"post-item-header\">\r\n<h2 class=\"post-item-title wi-post-title fox-post-title post-header-section size-tiny\" itemprop=\"headline\">\r\n    <a href=\"https:\/\/vanleeuwenlawfirm.eu\/fr\/competences\/secteurs-dactivite\/telecommunications-2\/\" rel=\"bookmark\">        \r\n        T\u00e9l\u00e9communications\r\n    <\/a>\r\n<\/h2><\/div>\n    <\/div>\n\n<\/div><!-- .post-item-body -->\n\n\n        \n    <\/div><!-- .post-item-inner -->\n\n<\/article><!-- .post-item -->\n<article class=\"wi-post post-item post-grid fox-grid-item post-align- post--thumbnail-before post-16896 post type-post status-publish format-standard has-post-thumbnail hentry category-secteurs-dactivite\" itemscope itemtype=\"https:\/\/schema.org\/CreativeWork\">\n\n    <div class=\"post-item-inner grid-inner post-grid-inner\">\n        \n                \n        \n<div class=\"post-body post-item-body grid-body post-grid-body\">\n\n    <div class=\"post-body-inner\">\n\n        <div class=\"post-item-header\">\r\n<h2 class=\"post-item-title wi-post-title fox-post-title post-header-section size-tiny\" itemprop=\"headline\">\r\n    <a href=\"https:\/\/vanleeuwenlawfirm.eu\/fr\/competences\/secteurs-dactivite\/transport-mobilite-et-infrastructure\/\" rel=\"bookmark\">        \r\n        Transport, mobilit\u00e9 et infrastructure\r\n    <\/a>\r\n<\/h2><\/div>\n    <\/div>\n\n<\/div><!-- .post-item-body -->\n\n\n        \n    <\/div><!-- .post-item-inner -->\n\n<\/article><!-- .post-item -->        \r\n            \r\n    <\/div><!-- .fox-blog -->\r\n    \r\n        \r\n<\/div><!-- .fox-blog-container -->\r\n\r\n    \t\t\t\t<\/div>\n\t\t\t\t<\/div>\n\t\t\t\t\t<\/div>\n\t\t<\/div>\n\t\t\t\t\t<\/div>\n\t\t<\/section>\n\t\t\t\t<\/div>\n\t\t","protected":false},"excerpt":{"rendered":"<p>La gestion int\u00e9gr\u00e9e des risques de criminalit\u00e9 financi\u00e8re selon une approche \u00e0 l\u2019\u00e9chelle de la communaut\u00e9 suppose une r\u00e9organisation fondamentalement diff\u00e9rente de la r\u00e9flexion sur l\u2019int\u00e9grit\u00e9 \u00e9conomico-financi\u00e8re par rapport aux mod\u00e8les dans lesquels le risque est exclusivement situ\u00e9 dans les transactions, les relations avec la client\u00e8le, les entit\u00e9s juridiques, les m\u00e9canismes de sanctions ou les obligations formelles des institutions. Une telle approche part du constat que la criminalit\u00e9 \u00e9conomico-financi\u00e8re se d\u00e9veloppe rarement, dans la pratique, comme un ph\u00e9nom\u00e8ne purement technique ou administratif qui ne prend sens qu\u2019au moment o\u00f9 une transaction inhabituelle, un profil client atypique ou un mouvement irr\u00e9gulier<\/p>\n","protected":false},"author":1,"featured_media":33866,"comment_status":"closed","ping_status":"closed","sticky":false,"template":"","format":"standard","meta":{"_acf_changed":false,"footnotes":""},"categories":[473],"tags":[],"class_list":["post-33771","post","type-post","status-publish","format-standard","has-post-thumbnail","hentry","category-organisation-et-societe"],"acf":[],"_links":{"self":[{"href":"https:\/\/vanleeuwenlawfirm.eu\/fr\/wp-json\/wp\/v2\/posts\/33771","targetHints":{"allow":["GET"]}}],"collection":[{"href":"https:\/\/vanleeuwenlawfirm.eu\/fr\/wp-json\/wp\/v2\/posts"}],"about":[{"href":"https:\/\/vanleeuwenlawfirm.eu\/fr\/wp-json\/wp\/v2\/types\/post"}],"author":[{"embeddable":true,"href":"https:\/\/vanleeuwenlawfirm.eu\/fr\/wp-json\/wp\/v2\/users\/1"}],"replies":[{"embeddable":true,"href":"https:\/\/vanleeuwenlawfirm.eu\/fr\/wp-json\/wp\/v2\/comments?post=33771"}],"version-history":[{"count":8,"href":"https:\/\/vanleeuwenlawfirm.eu\/fr\/wp-json\/wp\/v2\/posts\/33771\/revisions"}],"predecessor-version":[{"id":33780,"href":"https:\/\/vanleeuwenlawfirm.eu\/fr\/wp-json\/wp\/v2\/posts\/33771\/revisions\/33780"}],"wp:featuredmedia":[{"embeddable":true,"href":"https:\/\/vanleeuwenlawfirm.eu\/fr\/wp-json\/wp\/v2\/media\/33866"}],"wp:attachment":[{"href":"https:\/\/vanleeuwenlawfirm.eu\/fr\/wp-json\/wp\/v2\/media?parent=33771"}],"wp:term":[{"taxonomy":"category","embeddable":true,"href":"https:\/\/vanleeuwenlawfirm.eu\/fr\/wp-json\/wp\/v2\/categories?post=33771"},{"taxonomy":"post_tag","embeddable":true,"href":"https:\/\/vanleeuwenlawfirm.eu\/fr\/wp-json\/wp\/v2\/tags?post=33771"}],"curies":[{"name":"wp","href":"https:\/\/api.w.org\/{rel}","templated":true}]}}